{"id":53904,"date":"2026-09-04T09:49:43","date_gmt":"2026-09-04T07:49:43","guid":{"rendered":"https:\/\/urc.cat\/?p=53904"},"modified":"2026-09-04T10:45:30","modified_gmt":"2026-09-04T08:45:30","slug":"la-experiencia-de-la-hna-gema-en-el-simposio-de-religiosas-teologas-en-nemi-abramos-grandes-horizontes-en-los-que-todos-y-todas-quepamos","status":"publish","type":"post","link":"https:\/\/urc.cat\/es\/la-experiencia-de-la-hna-gema-en-el-simposio-de-religiosas-teologas-en-nemi-abramos-grandes-horizontes-en-los-que-todos-y-todas-quepamos\/","title":{"rendered":"La experiencia de la Hna. Gema en el Simposio de Religiosas Te\u00f3logas en Nemi: \u00abAbramos grandes horizontes en los que todos y todas quepamos\u00bb"},"content":{"rendered":"<p style=\"text-align: justify;\">(<em><a href=\"https:\/\/www.uisg.org\/\" data-wpel-link=\"external\" target=\"_blank\" rel=\"external noopener noreferrer\" class=\"wpel-icon-right\">UISG<span class=\"wpel-icon wpel-image wpel-icon-13\"><\/span><\/a> \u00b7 31\/08\/26<\/em>)\u00a0<strong>Del 30 de mayo al 7 de junio de 2026<\/strong>, algunas religiosas te\u00f3logas procedentes de distintos continentes y congregaciones se reunieron en Nemi para tejer redes y poner sus conocimientos teol\u00f3gicos al servicio de la vida consagrada.<\/p>\n<p style=\"text-align: justify;\">La Hna. Gema, que particip\u00f3 en el Simposio, nos comparte su experiencia.<\/p>\n<p>&nbsp;<\/p>\n<p style=\"text-align: justify;\"><strong>En un mundo marcado por la guerra y la violencia, \u00bfQu\u00e9 aporte puede ofrecer la teolog\u00eda elaborada por las mujeres consagradas?\u00a0<\/strong><\/p>\n<p style=\"text-align: justify;\">A ver, primero tenemos que conseguir que las mujeres consagradas hagamos teolog\u00eda que se vea, y despu\u00e9s yo creo que podemos abrir much\u00edsimos caminos que tocan de pies al suelo y que palpan realmente la realidad de la vida, tanto en la alegr\u00eda como en el sufrimiento.<\/p>\n<p>&nbsp;<\/p>\n<p style=\"text-align: justify;\"><strong>\u00bfCu\u00e1les son los principales desaf\u00edos que la Iglesia est\u00e1 llamada a afrontar para dar testimonio del Evangelio en una sociedad secularizada y fragmentada?\u00a0<\/strong><\/p>\n<p style=\"text-align: justify;\">Yo vivo en Europa y, por tanto, es una sociedad efectivamente muy secularizada, aunque con un retorno a la espiritualidad en general, pero tambi\u00e9n es una sociedad muy polarizada, en la cual interesa muchas veces seguir polarizando, seguir dividiendo, y yo dir\u00eda que lo que podemos aportar es un mensaje de comuni\u00f3n, de sinodalidad, un poco al estilo del Papa Le\u00f3n XIV, de sentarnos en la misma mesa, diferentes, pero unidos. Tenemos que romper esta cuesti\u00f3n, que tambi\u00e9n se nos ha metido dentro en las comunidades, de dividir.<\/p>\n<p style=\"text-align: justify;\">Vamos a sumar y recuperar ciertas palabras que yo siempre digo que las hemos, o el mundo, pero tambi\u00e9n nosotras, las hemos borrado del mapa. El tema de la comuni\u00f3n, de la paz, del esfuerzo, de los valores y de la humildad. Hay que ser muy humilde para volver a sentarnos todas y todos y compartir aquello que pensamos sin miedo y sin caer en la tiran\u00eda del pensamiento \u00fanico.<\/p>\n<p>&nbsp;<\/p>\n<p style=\"text-align: justify;\"><strong>Si pudiera dar un mensaje a las l\u00edderes de las congregaciones en nombre de las mujeres consagradas, \u00bfCu\u00e1l ser\u00eda?<\/strong><\/p>\n<p style=\"text-align: justify;\">El mensaje que yo dirigir\u00eda a todas las congregaciones y, sobre todo, a las superioras mayores, y superiores tambi\u00e9n, mayores, es formaci\u00f3n, formaci\u00f3n y formaci\u00f3n. Formaci\u00f3n teol\u00f3gica, formaci\u00f3n en ciencias religiosas, pero tambi\u00e9n formaci\u00f3n civil. No podemos estar en el mundo, dialogar con el mundo con unos niveles de formaci\u00f3n de ir por casa, bajitos.<\/p>\n<p style=\"text-align: justify;\">Por tanto, hay que apostar por la formaci\u00f3n, hay que invertir en formaci\u00f3n, nos guste o no, y hay que perder el miedo de invertimos, pero luego, \u00bfqu\u00e9 pasa? Si pasa algo que no quisi\u00e9ramos, tenemos una cristiana, un cristiano, bien formado en el mundo.<\/p>\n<p>&nbsp;<\/p>\n<p style=\"text-align: justify;\"><strong>Si este Simposio estuviera representado por una imagen o un icono, \u00bfcu\u00e1l ser\u00eda?<\/strong><\/p>\n<p style=\"text-align: justify;\">Para m\u00ed, la imagen es muy clara, y m\u00e1s en el lugar que estamos aqu\u00ed, en Nemi, con este paisaje, creo que es un momento de abrir caminos y de abrir horizontes. Para m\u00ed, esta es la imagen.<br \/>\nSalgamos de las burbujas que a veces nos montamos y abramos grandes horizontes en los que todos y todas quepamos y rompamos un poco, a veces, esquemas r\u00edgidos, horizontes y grandes horizontes.<\/p>\n<p>&nbsp;<\/p>\n<p style=\"text-align: justify;\"><strong>\u00bfQu\u00e9 importancia tiene para usted un Simposio como este, que re\u00fane a te\u00f3logas de todo el mundo?<\/strong><\/p>\n<p style=\"text-align: justify;\">Para m\u00ed, la importancia de este simposio es realmente no sentirte sola. Muchas veces estamos en lugares de misi\u00f3n, en pa\u00edses, yo vengo de Catalu\u00f1a, en Espa\u00f1a, en que a veces uno se puede sentir muy solo trabajando en este terreno, y es una manera de ver que no est\u00e1s sola, que hay gente que piensa y lucha por lo mismo, que quiz\u00e1s lo tiene a\u00fan peor, y dices, hay otros que piensan como yo, y eso tambi\u00e9n da mucho \u00e1nimo y mucha fuerza.<\/p>\n<p>&nbsp;<\/p>\n<p style=\"text-align: justify;\"><strong>El papa Le\u00f3n visitar\u00e1 pr\u00f3ximamente Espa\u00f1a. Para usted, como te\u00f3loga espa\u00f1ola, \u00bfQu\u00e9 significado tiene esta visita?<\/strong><\/p>\n<p style=\"text-align: justify;\">Me haces una pregunta que me llega mucho, porque estamos a punto de recibir al Papa, y porque acabo de publicar un libro sobre el Papa que resume lo que me est\u00e1s preguntando. El libro se llama El Papa bisagra, y creo que el Papa realmente es una bisagra, una bisagra es un elemento que no se ve, muy discreto, pero sin \u00e9l las puertas no se abren. El Papa abre puertas, construye puentes, busca maneras de que nos encontremos, de unir, no de dividir, y en Barcelona, sobre todo, veremos dos im\u00e1genes potentes.<\/p>\n<p style=\"text-align: justify;\">Para m\u00ed es la belleza y la pobreza o la vulnerabilidad. La belleza y la potencia de la Sagrada Familia y de Montserrat, y la pobreza o la vulnerabilidad de visitar una c\u00e1rcel o una parroquia en un barrio muy c\u00e9ntrico y bastante vulnerable en Barcelona, y esto hace que el Papa nos muestre que hay diferentes caminos para encontrar a Dios y que en los dos caminos tenemos que estar.<\/p>\n<div class=\"epyt-video-wrapper\"><iframe loading=\"lazy\"  id=\"_ytid_54151\"  width=\"1200\" height=\"675\"  data-origwidth=\"1200\" data-origheight=\"675\" src=\"https:\/\/www.youtube.com\/embed\/TzX8yiSHwQo?enablejsapi=1&#038;autoplay=0&#038;cc_load_policy=0&#038;cc_lang_pref=&#038;iv_load_policy=1&#038;loop=0&#038;rel=1&#038;fs=1&#038;playsinline=0&#038;autohide=2&#038;theme=dark&#038;color=red&#038;controls=1&#038;disablekb=0&#038;\" class=\"__youtube_prefs__  epyt-is-override  no-lazyload\" title=\"YouTube player\"  allow=\"fullscreen; accelerometer; autoplay; clipboard-write; encrypted-media; gyroscope; picture-in-picture; web-share\" referrerpolicy=\"strict-origin-when-cross-origin\" allowfullscreen data-no-lazy=\"1\" data-skipgform_ajax_framebjll=\"\"><\/iframe><\/div>\n<p>&nbsp;<\/p>\n","protected":false},"excerpt":{"rendered":"<p>(UISG \u00b7 31\/08\/26)\u00a0Del 30 de mayo al 7 de junio de 2026, algunas religiosas te\u00f3logas procedentes de distintos continentes y congregaciones se reunieron en Nemi para tejer redes y poner sus conocimientos teol\u00f3gicos al servicio de la vida consagrada. La Hna. Gema, que particip\u00f3 en el Simposio, nos comparte su experiencia. &nbsp; En un mundo&hellip;<\/p>\n","protected":false},"author":4,"featured_media":53910,"comment_status":"closed","ping_status":"closed","sticky":false,"template":"","format":"standard","meta":{"_members_access_role":[],"_members_access_error":""},"categories":[574],"tags":[1919,4810],"class_list":["post-53904","post","type-post","status-publish","format-standard","has-post-thumbnail","hentry","category-noticias","tag-gemma-morato-es","tag-teologa-es","category-574","description-off"],"yoast_head":"<!-- This site is optimized with the Yoast SEO plugin v28.1 - https:\/\/yoast.com\/product\/yoast-seo-wordpress\/ -->\n<title>La experiencia de la Hna. Gema en el Simposio de Religiosas Te\u00f3logas en Nemi: \u00abAbramos grandes horizontes en los que todos y todas quepamos\u00bb - URC<\/title>\n<meta name=\"robots\" content=\"index, follow, max-snippet:-1, max-image-preview:large, max-video-preview:-1\" \/>\n<link rel=\"canonical\" href=\"https:\/\/urc.cat\/es\/la-experiencia-de-la-hna-gema-en-el-simposio-de-religiosas-teologas-en-nemi-abramos-grandes-horizontes-en-los-que-todos-y-todas-quepamos\/\" \/>\n<meta property=\"og:locale\" content=\"es_ES\" \/>\n<meta property=\"og:type\" content=\"article\" \/>\n<meta property=\"og:title\" content=\"La experiencia de la Hna. Gema en el Simposio de Religiosas Te\u00f3logas en Nemi: \u00abAbramos grandes horizontes en los que todos y todas quepamos\u00bb - URC\" \/>\n<meta property=\"og:description\" content=\"(UISG \u00b7 31\/08\/26)\u00a0Del 30 de mayo al 7 de junio de 2026, algunas religiosas te\u00f3logas procedentes de distintos continentes y congregaciones se reunieron en Nemi para tejer redes y poner sus conocimientos teol\u00f3gicos al servicio de la vida consagrada. La Hna. Gema, que particip\u00f3 en el Simposio, nos comparte su experiencia. &nbsp; En un mundo&hellip;\" \/>\n<meta property=\"og:url\" content=\"https:\/\/urc.cat\/es\/la-experiencia-de-la-hna-gema-en-el-simposio-de-religiosas-teologas-en-nemi-abramos-grandes-horizontes-en-los-que-todos-y-todas-quepamos\/\" \/>\n<meta property=\"og:site_name\" content=\"URC\" \/>\n<meta property=\"article:publisher\" content=\"https:\/\/www.facebook.com\/ReligiososCat\/\" \/>\n<meta property=\"article:published_time\" content=\"2026-09-04T07:49:43+00:00\" \/>\n<meta property=\"article:modified_time\" content=\"2026-09-04T08:45:30+00:00\" \/>\n<meta property=\"og:image\" content=\"https:\/\/urc.cat\/wp-content\/uploads\/2026\/09\/Gemma-Morato-02-09-26-1.jpg\" \/>\n\t<meta property=\"og:image:width\" content=\"881\" \/>\n\t<meta property=\"og:image:height\" content=\"471\" \/>\n\t<meta property=\"og:image:type\" content=\"image\/jpeg\" \/>\n<meta name=\"author\" content=\"secretaria\" \/>\n<meta name=\"twitter:card\" content=\"summary_large_image\" \/>\n<meta name=\"twitter:creator\" content=\"@ReligiososCat\" \/>\n<meta name=\"twitter:site\" content=\"@ReligiososCat\" \/>\n<meta name=\"twitter:label1\" content=\"Escrito por\" \/>\n\t<meta name=\"twitter:data1\" content=\"secretaria\" \/>\n\t<meta name=\"twitter:label2\" content=\"Tiempo de lectura\" \/>\n\t<meta name=\"twitter:data2\" content=\"4 minutos\" \/>\n<script type=\"application\/ld+json\" class=\"yoast-schema-graph\">{\"@context\":\"https:\\\/\\\/schema.org\",\"@graph\":[{\"@type\":\"Article\",\"@id\":\"https:\\\/\\\/urc.cat\\\/es\\\/la-experiencia-de-la-hna-gema-en-el-simposio-de-religiosas-teologas-en-nemi-abramos-grandes-horizontes-en-los-que-todos-y-todas-quepamos\\\/#article\",\"isPartOf\":{\"@id\":\"https:\\\/\\\/urc.cat\\\/es\\\/la-experiencia-de-la-hna-gema-en-el-simposio-de-religiosas-teologas-en-nemi-abramos-grandes-horizontes-en-los-que-todos-y-todas-quepamos\\\/\"},\"author\":{\"name\":\"secretaria\",\"@id\":\"https:\\\/\\\/urc.cat\\\/es\\\/#\\\/schema\\\/person\\\/3a09dd906741df1d76350885ff138fac\"},\"headline\":\"La experiencia de la Hna. Gema en el Simposio de Religiosas Te\u00f3logas en Nemi: \u00abAbramos grandes horizontes en los que todos y todas quepamos\u00bb\",\"datePublished\":\"2026-09-04T07:49:43+00:00\",\"dateModified\":\"2026-09-04T08:45:30+00:00\",\"mainEntityOfPage\":{\"@id\":\"https:\\\/\\\/urc.cat\\\/es\\\/la-experiencia-de-la-hna-gema-en-el-simposio-de-religiosas-teologas-en-nemi-abramos-grandes-horizontes-en-los-que-todos-y-todas-quepamos\\\/\"},\"wordCount\":879,\"publisher\":{\"@id\":\"https:\\\/\\\/urc.cat\\\/es\\\/#organization\"},\"image\":{\"@id\":\"https:\\\/\\\/urc.cat\\\/es\\\/la-experiencia-de-la-hna-gema-en-el-simposio-de-religiosas-teologas-en-nemi-abramos-grandes-horizontes-en-los-que-todos-y-todas-quepamos\\\/#primaryimage\"},\"thumbnailUrl\":\"https:\\\/\\\/urc.cat\\\/wp-content\\\/uploads\\\/2026\\\/09\\\/Gemma-Morato-02-09-26-1.jpg\",\"keywords\":[\"Gemma Morat\u00f3\",\"te\u00f2loga\"],\"articleSection\":[\"Noticias\"],\"inLanguage\":\"es\"},{\"@type\":\"WebPage\",\"@id\":\"https:\\\/\\\/urc.cat\\\/es\\\/la-experiencia-de-la-hna-gema-en-el-simposio-de-religiosas-teologas-en-nemi-abramos-grandes-horizontes-en-los-que-todos-y-todas-quepamos\\\/\",\"url\":\"https:\\\/\\\/urc.cat\\\/es\\\/la-experiencia-de-la-hna-gema-en-el-simposio-de-religiosas-teologas-en-nemi-abramos-grandes-horizontes-en-los-que-todos-y-todas-quepamos\\\/\",\"name\":\"La experiencia de la Hna. Gema en el Simposio de Religiosas Te\u00f3logas en Nemi: \u00abAbramos grandes horizontes en los que todos y todas quepamos\u00bb - URC\",\"isPartOf\":{\"@id\":\"https:\\\/\\\/urc.cat\\\/es\\\/#website\"},\"primaryImageOfPage\":{\"@id\":\"https:\\\/\\\/urc.cat\\\/es\\\/la-experiencia-de-la-hna-gema-en-el-simposio-de-religiosas-teologas-en-nemi-abramos-grandes-horizontes-en-los-que-todos-y-todas-quepamos\\\/#primaryimage\"},\"image\":{\"@id\":\"https:\\\/\\\/urc.cat\\\/es\\\/la-experiencia-de-la-hna-gema-en-el-simposio-de-religiosas-teologas-en-nemi-abramos-grandes-horizontes-en-los-que-todos-y-todas-quepamos\\\/#primaryimage\"},\"thumbnailUrl\":\"https:\\\/\\\/urc.cat\\\/wp-content\\\/uploads\\\/2026\\\/09\\\/Gemma-Morato-02-09-26-1.jpg\",\"datePublished\":\"2026-09-04T07:49:43+00:00\",\"dateModified\":\"2026-09-04T08:45:30+00:00\",\"breadcrumb\":{\"@id\":\"https:\\\/\\\/urc.cat\\\/es\\\/la-experiencia-de-la-hna-gema-en-el-simposio-de-religiosas-teologas-en-nemi-abramos-grandes-horizontes-en-los-que-todos-y-todas-quepamos\\\/#breadcrumb\"},\"inLanguage\":\"es\",\"potentialAction\":[{\"@type\":\"ReadAction\",\"target\":[\"https:\\\/\\\/urc.cat\\\/es\\\/la-experiencia-de-la-hna-gema-en-el-simposio-de-religiosas-teologas-en-nemi-abramos-grandes-horizontes-en-los-que-todos-y-todas-quepamos\\\/\"]}]},{\"@type\":\"ImageObject\",\"inLanguage\":\"es\",\"@id\":\"https:\\\/\\\/urc.cat\\\/es\\\/la-experiencia-de-la-hna-gema-en-el-simposio-de-religiosas-teologas-en-nemi-abramos-grandes-horizontes-en-los-que-todos-y-todas-quepamos\\\/#primaryimage\",\"url\":\"https:\\\/\\\/urc.cat\\\/wp-content\\\/uploads\\\/2026\\\/09\\\/Gemma-Morato-02-09-26-1.jpg\",\"contentUrl\":\"https:\\\/\\\/urc.cat\\\/wp-content\\\/uploads\\\/2026\\\/09\\\/Gemma-Morato-02-09-26-1.jpg\",\"width\":881,\"height\":471},{\"@type\":\"BreadcrumbList\",\"@id\":\"https:\\\/\\\/urc.cat\\\/es\\\/la-experiencia-de-la-hna-gema-en-el-simposio-de-religiosas-teologas-en-nemi-abramos-grandes-horizontes-en-los-que-todos-y-todas-quepamos\\\/#breadcrumb\",\"itemListElement\":[{\"@type\":\"ListItem\",\"position\":1,\"name\":\"Inici\",\"item\":\"https:\\\/\\\/urc.cat\\\/es\\\/\"},{\"@type\":\"ListItem\",\"position\":2,\"name\":\"La experiencia de la Hna. Gema en el Simposio de Religiosas Te\u00f3logas en Nemi: \u00abAbramos grandes horizontes en los que todos y todas quepamos\u00bb\"}]},{\"@type\":\"WebSite\",\"@id\":\"https:\\\/\\\/urc.cat\\\/es\\\/#website\",\"url\":\"https:\\\/\\\/urc.cat\\\/es\\\/\",\"name\":\"URC\",\"description\":\"Uni\u00f3 de Religiosos de Catalunya\",\"publisher\":{\"@id\":\"https:\\\/\\\/urc.cat\\\/es\\\/#organization\"},\"potentialAction\":[{\"@type\":\"SearchAction\",\"target\":{\"@type\":\"EntryPoint\",\"urlTemplate\":\"https:\\\/\\\/urc.cat\\\/es\\\/?s={search_term_string}\"},\"query-input\":{\"@type\":\"PropertyValueSpecification\",\"valueRequired\":true,\"valueName\":\"search_term_string\"}}],\"inLanguage\":\"es\"},{\"@type\":\"Organization\",\"@id\":\"https:\\\/\\\/urc.cat\\\/es\\\/#organization\",\"name\":\"Uni\u00f3 de Religiosos de Catalunya URC\",\"url\":\"https:\\\/\\\/urc.cat\\\/es\\\/\",\"logo\":{\"@type\":\"ImageObject\",\"inLanguage\":\"es\",\"@id\":\"https:\\\/\\\/urc.cat\\\/es\\\/#\\\/schema\\\/logo\\\/image\\\/\",\"url\":\"https:\\\/\\\/urc.cat\\\/wp-content\\\/uploads\\\/2020\\\/12\\\/URC-logo-color-1-scaled.jpg\",\"contentUrl\":\"https:\\\/\\\/urc.cat\\\/wp-content\\\/uploads\\\/2020\\\/12\\\/URC-logo-color-1-scaled.jpg\",\"width\":2560,\"height\":943,\"caption\":\"Uni\u00f3 de Religiosos de Catalunya URC\"},\"image\":{\"@id\":\"https:\\\/\\\/urc.cat\\\/es\\\/#\\\/schema\\\/logo\\\/image\\\/\"},\"sameAs\":[\"https:\\\/\\\/www.facebook.com\\\/ReligiososCat\\\/\",\"https:\\\/\\\/x.com\\\/ReligiososCat\",\"https:\\\/\\\/www.instagram.com\\\/religiosos_cat\\\/\",\"https:\\\/\\\/www.youtube.com\\\/channel\\\/UCz9DuGlswqHtI3FWnWQ3R0w\"]},{\"@type\":\"Person\",\"@id\":\"https:\\\/\\\/urc.cat\\\/es\\\/#\\\/schema\\\/person\\\/3a09dd906741df1d76350885ff138fac\",\"name\":\"secretaria\",\"image\":{\"@type\":\"ImageObject\",\"inLanguage\":\"es\",\"@id\":\"https:\\\/\\\/secure.gravatar.com\\\/avatar\\\/71dacc528a3c840ef89d4e84f0341fd7216db4159c9d41173b107b08fb0f5c7a?s=96&d=mm&r=g\",\"url\":\"https:\\\/\\\/secure.gravatar.com\\\/avatar\\\/71dacc528a3c840ef89d4e84f0341fd7216db4159c9d41173b107b08fb0f5c7a?s=96&d=mm&r=g\",\"contentUrl\":\"https:\\\/\\\/secure.gravatar.com\\\/avatar\\\/71dacc528a3c840ef89d4e84f0341fd7216db4159c9d41173b107b08fb0f5c7a?s=96&d=mm&r=g\",\"caption\":\"secretaria\"},\"url\":\"https:\\\/\\\/urc.cat\\\/es\\\/author\\\/secretaria\\\/\"}]}<\/script>\n<!-- \/ Yoast SEO plugin. -->","yoast_head_json":{"title":"La experiencia de la Hna. Gema en el Simposio de Religiosas Te\u00f3logas en Nemi: \u00abAbramos grandes horizontes en los que todos y todas quepamos\u00bb - URC","robots":{"index":"index","follow":"follow","max-snippet":"max-snippet:-1","max-image-preview":"max-image-preview:large","max-video-preview":"max-video-preview:-1"},"canonical":"https:\/\/urc.cat\/es\/la-experiencia-de-la-hna-gema-en-el-simposio-de-religiosas-teologas-en-nemi-abramos-grandes-horizontes-en-los-que-todos-y-todas-quepamos\/","og_locale":"es_ES","og_type":"article","og_title":"La experiencia de la Hna. Gema en el Simposio de Religiosas Te\u00f3logas en Nemi: \u00abAbramos grandes horizontes en los que todos y todas quepamos\u00bb - URC","og_description":"(UISG \u00b7 31\/08\/26)\u00a0Del 30 de mayo al 7 de junio de 2026, algunas religiosas te\u00f3logas procedentes de distintos continentes y congregaciones se reunieron en Nemi para tejer redes y poner sus conocimientos teol\u00f3gicos al servicio de la vida consagrada. La Hna. Gema, que particip\u00f3 en el Simposio, nos comparte su experiencia. &nbsp; En un mundo&hellip;","og_url":"https:\/\/urc.cat\/es\/la-experiencia-de-la-hna-gema-en-el-simposio-de-religiosas-teologas-en-nemi-abramos-grandes-horizontes-en-los-que-todos-y-todas-quepamos\/","og_site_name":"URC","article_publisher":"https:\/\/www.facebook.com\/ReligiososCat\/","article_published_time":"2026-09-04T07:49:43+00:00","article_modified_time":"2026-09-04T08:45:30+00:00","og_image":[{"width":881,"height":471,"url":"https:\/\/urc.cat\/wp-content\/uploads\/2026\/09\/Gemma-Morato-02-09-26-1.jpg","type":"image\/jpeg"}],"author":"secretaria","twitter_card":"summary_large_image","twitter_creator":"@ReligiososCat","twitter_site":"@ReligiososCat","twitter_misc":{"Escrito por":"secretaria","Tiempo de lectura":"4 minutos"},"schema":{"@context":"https:\/\/schema.org","@graph":[{"@type":"Article","@id":"https:\/\/urc.cat\/es\/la-experiencia-de-la-hna-gema-en-el-simposio-de-religiosas-teologas-en-nemi-abramos-grandes-horizontes-en-los-que-todos-y-todas-quepamos\/#article","isPartOf":{"@id":"https:\/\/urc.cat\/es\/la-experiencia-de-la-hna-gema-en-el-simposio-de-religiosas-teologas-en-nemi-abramos-grandes-horizontes-en-los-que-todos-y-todas-quepamos\/"},"author":{"name":"secretaria","@id":"https:\/\/urc.cat\/es\/#\/schema\/person\/3a09dd906741df1d76350885ff138fac"},"headline":"La experiencia de la Hna. Gema en el Simposio de Religiosas Te\u00f3logas en Nemi: \u00abAbramos grandes horizontes en los que todos y todas quepamos\u00bb","datePublished":"2026-09-04T07:49:43+00:00","dateModified":"2026-09-04T08:45:30+00:00","mainEntityOfPage":{"@id":"https:\/\/urc.cat\/es\/la-experiencia-de-la-hna-gema-en-el-simposio-de-religiosas-teologas-en-nemi-abramos-grandes-horizontes-en-los-que-todos-y-todas-quepamos\/"},"wordCount":879,"publisher":{"@id":"https:\/\/urc.cat\/es\/#organization"},"image":{"@id":"https:\/\/urc.cat\/es\/la-experiencia-de-la-hna-gema-en-el-simposio-de-religiosas-teologas-en-nemi-abramos-grandes-horizontes-en-los-que-todos-y-todas-quepamos\/#primaryimage"},"thumbnailUrl":"https:\/\/urc.cat\/wp-content\/uploads\/2026\/09\/Gemma-Morato-02-09-26-1.jpg","keywords":["Gemma Morat\u00f3","te\u00f2loga"],"articleSection":["Noticias"],"inLanguage":"es"},{"@type":"WebPage","@id":"https:\/\/urc.cat\/es\/la-experiencia-de-la-hna-gema-en-el-simposio-de-religiosas-teologas-en-nemi-abramos-grandes-horizontes-en-los-que-todos-y-todas-quepamos\/","url":"https:\/\/urc.cat\/es\/la-experiencia-de-la-hna-gema-en-el-simposio-de-religiosas-teologas-en-nemi-abramos-grandes-horizontes-en-los-que-todos-y-todas-quepamos\/","name":"La experiencia de la Hna. Gema en el Simposio de Religiosas Te\u00f3logas en Nemi: \u00abAbramos grandes horizontes en los que todos y todas quepamos\u00bb - URC","isPartOf":{"@id":"https:\/\/urc.cat\/es\/#website"},"primaryImageOfPage":{"@id":"https:\/\/urc.cat\/es\/la-experiencia-de-la-hna-gema-en-el-simposio-de-religiosas-teologas-en-nemi-abramos-grandes-horizontes-en-los-que-todos-y-todas-quepamos\/#primaryimage"},"image":{"@id":"https:\/\/urc.cat\/es\/la-experiencia-de-la-hna-gema-en-el-simposio-de-religiosas-teologas-en-nemi-abramos-grandes-horizontes-en-los-que-todos-y-todas-quepamos\/#primaryimage"},"thumbnailUrl":"https:\/\/urc.cat\/wp-content\/uploads\/2026\/09\/Gemma-Morato-02-09-26-1.jpg","datePublished":"2026-09-04T07:49:43+00:00","dateModified":"2026-09-04T08:45:30+00:00","breadcrumb":{"@id":"https:\/\/urc.cat\/es\/la-experiencia-de-la-hna-gema-en-el-simposio-de-religiosas-teologas-en-nemi-abramos-grandes-horizontes-en-los-que-todos-y-todas-quepamos\/#breadcrumb"},"inLanguage":"es","potentialAction":[{"@type":"ReadAction","target":["https:\/\/urc.cat\/es\/la-experiencia-de-la-hna-gema-en-el-simposio-de-religiosas-teologas-en-nemi-abramos-grandes-horizontes-en-los-que-todos-y-todas-quepamos\/"]}]},{"@type":"ImageObject","inLanguage":"es","@id":"https:\/\/urc.cat\/es\/la-experiencia-de-la-hna-gema-en-el-simposio-de-religiosas-teologas-en-nemi-abramos-grandes-horizontes-en-los-que-todos-y-todas-quepamos\/#primaryimage","url":"https:\/\/urc.cat\/wp-content\/uploads\/2026\/09\/Gemma-Morato-02-09-26-1.jpg","contentUrl":"https:\/\/urc.cat\/wp-content\/uploads\/2026\/09\/Gemma-Morato-02-09-26-1.jpg","width":881,"height":471},{"@type":"BreadcrumbList","@id":"https:\/\/urc.cat\/es\/la-experiencia-de-la-hna-gema-en-el-simposio-de-religiosas-teologas-en-nemi-abramos-grandes-horizontes-en-los-que-todos-y-todas-quepamos\/#breadcrumb","itemListElement":[{"@type":"ListItem","position":1,"name":"Inici","item":"https:\/\/urc.cat\/es\/"},{"@type":"ListItem","position":2,"name":"La experiencia de la Hna. Gema en el Simposio de Religiosas Te\u00f3logas en Nemi: \u00abAbramos grandes horizontes en los que todos y todas quepamos\u00bb"}]},{"@type":"WebSite","@id":"https:\/\/urc.cat\/es\/#website","url":"https:\/\/urc.cat\/es\/","name":"URC","description":"Uni\u00f3 de Religiosos de Catalunya","publisher":{"@id":"https:\/\/urc.cat\/es\/#organization"},"potentialAction":[{"@type":"SearchAction","target":{"@type":"EntryPoint","urlTemplate":"https:\/\/urc.cat\/es\/?s={search_term_string}"},"query-input":{"@type":"PropertyValueSpecification","valueRequired":true,"valueName":"search_term_string"}}],"inLanguage":"es"},{"@type":"Organization","@id":"https:\/\/urc.cat\/es\/#organization","name":"Uni\u00f3 de Religiosos de Catalunya URC","url":"https:\/\/urc.cat\/es\/","logo":{"@type":"ImageObject","inLanguage":"es","@id":"https:\/\/urc.cat\/es\/#\/schema\/logo\/image\/","url":"https:\/\/urc.cat\/wp-content\/uploads\/2020\/12\/URC-logo-color-1-scaled.jpg","contentUrl":"https:\/\/urc.cat\/wp-content\/uploads\/2020\/12\/URC-logo-color-1-scaled.jpg","width":2560,"height":943,"caption":"Uni\u00f3 de Religiosos de Catalunya URC"},"image":{"@id":"https:\/\/urc.cat\/es\/#\/schema\/logo\/image\/"},"sameAs":["https:\/\/www.facebook.com\/ReligiososCat\/","https:\/\/x.com\/ReligiososCat","https:\/\/www.instagram.com\/religiosos_cat\/","https:\/\/www.youtube.com\/channel\/UCz9DuGlswqHtI3FWnWQ3R0w"]},{"@type":"Person","@id":"https:\/\/urc.cat\/es\/#\/schema\/person\/3a09dd906741df1d76350885ff138fac","name":"secretaria","image":{"@type":"ImageObject","inLanguage":"es","@id":"https:\/\/secure.gravatar.com\/avatar\/71dacc528a3c840ef89d4e84f0341fd7216db4159c9d41173b107b08fb0f5c7a?s=96&d=mm&r=g","url":"https:\/\/secure.gravatar.com\/avatar\/71dacc528a3c840ef89d4e84f0341fd7216db4159c9d41173b107b08fb0f5c7a?s=96&d=mm&r=g","contentUrl":"https:\/\/secure.gravatar.com\/avatar\/71dacc528a3c840ef89d4e84f0341fd7216db4159c9d41173b107b08fb0f5c7a?s=96&d=mm&r=g","caption":"secretaria"},"url":"https:\/\/urc.cat\/es\/author\/secretaria\/"}]}},"_links":{"self":[{"href":"https:\/\/urc.cat\/es\/wp-json\/wp\/v2\/posts\/53904","targetHints":{"allow":["GET"]}}],"collection":[{"href":"https:\/\/urc.cat\/es\/wp-json\/wp\/v2\/posts"}],"about":[{"href":"https:\/\/urc.cat\/es\/wp-json\/wp\/v2\/types\/post"}],"author":[{"embeddable":true,"href":"https:\/\/urc.cat\/es\/wp-json\/wp\/v2\/users\/4"}],"replies":[{"embeddable":true,"href":"https:\/\/urc.cat\/es\/wp-json\/wp\/v2\/comments?post=53904"}],"version-history":[{"count":5,"href":"https:\/\/urc.cat\/es\/wp-json\/wp\/v2\/posts\/53904\/revisions"}],"predecessor-version":[{"id":53916,"href":"https:\/\/urc.cat\/es\/wp-json\/wp\/v2\/posts\/53904\/revisions\/53916"}],"wp:featuredmedia":[{"embeddable":true,"href":"https:\/\/urc.cat\/es\/wp-json\/wp\/v2\/media\/53910"}],"wp:attachment":[{"href":"https:\/\/urc.cat\/es\/wp-json\/wp\/v2\/media?parent=53904"}],"wp:term":[{"taxonomy":"category","embeddable":true,"href":"https:\/\/urc.cat\/es\/wp-json\/wp\/v2\/categories?post=53904"},{"taxonomy":"post_tag","embeddable":true,"href":"https:\/\/urc.cat\/es\/wp-json\/wp\/v2\/tags?post=53904"}],"curies":[{"name":"wp","href":"https:\/\/api.w.org\/{rel}","templated":true}]}}