{"id":53893,"date":"2026-09-03T11:03:54","date_gmt":"2026-09-03T09:03:54","guid":{"rendered":"https:\/\/urc.cat\/?p=53893"},"modified":"2026-09-03T11:07:09","modified_gmt":"2026-09-03T09:07:09","slug":"175-anos-del-voto-de-tarragona-de-las-religiosas-de-maria-inmaculada-misioneras-claretianas","status":"publish","type":"post","link":"https:\/\/urc.cat\/es\/175-anos-del-voto-de-tarragona-de-las-religiosas-de-maria-inmaculada-misioneras-claretianas\/","title":{"rendered":"175 a\u00f1os del voto de Tarragona de las Religiosas de Mar\u00eda Inmaculada Misioneras Claretianas"},"content":{"rendered":"<p style=\"text-align: justify;\">(<em><a href=\"https:\/\/claretpaulus.org\/\" data-wpel-link=\"external\" target=\"_blank\" rel=\"external noopener noreferrer\" class=\"wpel-icon-right\">Claretianos<span class=\"wpel-icon wpel-image wpel-icon-13\"><\/span><\/a> \u00b7 26\/08\/26<\/em>)\u00a0La Catedral de Tarragona acogi\u00f3 el pasado 15 de agosto la conmemoraci\u00f3n del 175.\u00ba aniversario del Voto de Tarragona, un momento clave en el origen de la congregaci\u00f3n\u00a0<a href=\"https:\/\/misionerasclaretianasrmi.org\/\" target=\"_blank\" rel=\"noopener external noreferrer\" data-wpel-link=\"external\" class=\"wpel-icon-right\"><strong>Religiosas de Mar\u00eda Inmaculada Misioneras Claretianas<\/strong><span class=\"wpel-icon wpel-image wpel-icon-13\"><\/span><\/a>. El acto central tuvo lugar en la Capilla de la Virgen del Claustro con una eucarist\u00eda presidida por el arzobispo Joan Planellas y reuniendo a religiosas de la congregaci\u00f3n llegadas de diversos pa\u00edses, encabezadas por la superiora general, la hermana Priscilla Latela.<\/p>\n<p style=\"text-align: justify;\">La efem\u00e9ride se remonta al 15 de agosto de 1851, cuando la venerable Mar\u00eda Antonia Par\u00eds, hija de Vallmoll, y cuatro compa\u00f1eras, se consagraron a Dios en la capilla de la Virgen del Claustro de la Catedral con el compromiso de ir por todo el mundo sin separarse. Aquel gesto fue la semilla de la futura congregaci\u00f3n, erigida a\u00f1os despu\u00e9s en Santiago de Cuba con el padre Claret como el hombre apost\u00f3lico que Dios hab\u00eda prometido a la madre Par\u00eds que la ayudar\u00eda a realizar esta obra, que tendr\u00eda 1855 como a\u00f1o fundacional de la Congregaci\u00f3n.<\/p>\n<p style=\"text-align: justify;\">Durante la celebraci\u00f3n,\u00a0<a href=\"https:\/\/www.arquebisbattarragona.cat\/2026\/08\/15\/homilia-en-motiu-del-175-aniversari-de-la-fundacio-claretianes\/\" target=\"_blank\" rel=\"noopener external noreferrer\" data-wpel-link=\"external\" class=\"wpel-icon-right\"><strong>el arzobispo destac\u00f3<\/strong><span class=\"wpel-icon wpel-image wpel-icon-13\"><\/span><\/a>\u00a0la vigencia de aquel \u201cs\u00ed\u201d generoso y misionero, y agradeci\u00f3 los frutos que este compromiso ha dado a lo largo de los a\u00f1os. La jornada se cerr\u00f3 con una oraci\u00f3n en la capilla del Claustro, la renovaci\u00f3n de los votos de las religiosas y la inauguraci\u00f3n de una placa conmemorativa en la misma capilla.<\/p>\n<p style=\"text-align: justify;\">Como subrayan desde la Congregaci\u00f3n, \u2018El Voto de Tarragona no habla solo de cruzar mares. Habla tambi\u00e9n de permanecer unidas. Porque misi\u00f3n y comuni\u00f3n nacieron juntas aquel d\u00eda. Y, 175 a\u00f1os despu\u00e9s, aquella promesa sigue siendo una llamada: cruzar tambi\u00e9n los mares que hoy nos separan \u2014las diferencias, las distancias, las heridas y las resistencias\u2014 para seguir caminando juntos, como familia, al servicio del Reino.\u2019<\/p>\n<p>&nbsp;<\/p>\n<h4 style=\"text-align: justify;\"><strong>Una vigilia como celebraci\u00f3n anticipada<\/strong><\/h4>\n<p style=\"text-align: justify;\">El d\u00eda anterior, en la Casa de espiritualidad que la Congregaci\u00f3n tiene en Reus, tuvo lugar una primera celebraci\u00f3n: una vigilia de oraci\u00f3n que transcurri\u00f3 entre el Museo y la capilla donde reposan los restos de la Venerable Mar\u00eda Antonia Par\u00eds. All\u00ed, diversas misioneras junto con miembros de la Familia Claretiana, laicos claretianos, sacerdotes de la archidi\u00f3cesis de Tarragona y otras religiosas se unieron rezando y dando gracias por estos 175 a\u00f1os.<\/p>\n<p style=\"text-align: justify;\">En nuestra provincia, las Misioneras, que forman parte de la Familia Claretiana, tienen presencia en Reus, Barcelona, Tremp, Roma y Ciampino.<\/p>\n","protected":false},"excerpt":{"rendered":"<p>(Claretianos \u00b7 26\/08\/26)\u00a0La Catedral de Tarragona acogi\u00f3 el pasado 15 de agosto la conmemoraci\u00f3n del 175.\u00ba aniversario del Voto de Tarragona, un momento clave en el origen de la congregaci\u00f3n\u00a0Religiosas de Mar\u00eda Inmaculada Misioneras Claretianas. El acto central tuvo lugar en la Capilla de la Virgen del Claustro con una eucarist\u00eda presidida por el arzobispo&hellip;<\/p>\n","protected":false},"author":4,"featured_media":53890,"comment_status":"closed","ping_status":"closed","sticky":false,"template":"","format":"standard","meta":{"_members_access_role":[],"_members_access_error":""},"categories":[574],"tags":[5360,6236,3747,1138],"class_list":["post-53893","post","type-post","status-publish","format-standard","has-post-thumbnail","hentry","category-noticias","tag-aniversario-es","tag-maria-antonia-paris","tag-religiosas-de-maria-inmaculada-misioneras-claretianas","tag-tarragona-es","category-574","description-off"],"yoast_head":"<!-- This site is optimized with the Yoast SEO plugin v28.1 - https:\/\/yoast.com\/product\/yoast-seo-wordpress\/ -->\n<title>175 a\u00f1os del voto de Tarragona de las Religiosas de Mar\u00eda Inmaculada Misioneras Claretianas - URC<\/title>\n<meta name=\"robots\" content=\"index, follow, max-snippet:-1, max-image-preview:large, max-video-preview:-1\" \/>\n<link rel=\"canonical\" href=\"https:\/\/urc.cat\/es\/175-anos-del-voto-de-tarragona-de-las-religiosas-de-maria-inmaculada-misioneras-claretianas\/\" \/>\n<meta property=\"og:locale\" content=\"es_ES\" \/>\n<meta property=\"og:type\" content=\"article\" \/>\n<meta property=\"og:title\" content=\"175 a\u00f1os del voto de Tarragona de las Religiosas de Mar\u00eda Inmaculada Misioneras Claretianas - URC\" \/>\n<meta property=\"og:description\" content=\"(Claretianos \u00b7 26\/08\/26)\u00a0La Catedral de Tarragona acogi\u00f3 el pasado 15 de agosto la conmemoraci\u00f3n del 175.\u00ba aniversario del Voto de Tarragona, un momento clave en el origen de la congregaci\u00f3n\u00a0Religiosas de Mar\u00eda Inmaculada Misioneras Claretianas. El acto central tuvo lugar en la Capilla de la Virgen del Claustro con una eucarist\u00eda presidida por el arzobispo&hellip;\" \/>\n<meta property=\"og:url\" content=\"https:\/\/urc.cat\/es\/175-anos-del-voto-de-tarragona-de-las-religiosas-de-maria-inmaculada-misioneras-claretianas\/\" \/>\n<meta property=\"og:site_name\" content=\"URC\" \/>\n<meta property=\"article:publisher\" content=\"https:\/\/www.facebook.com\/ReligiososCat\/\" \/>\n<meta property=\"article:published_time\" content=\"2026-09-03T09:03:54+00:00\" \/>\n<meta property=\"article:modified_time\" content=\"2026-09-03T09:07:09+00:00\" \/>\n<meta property=\"og:image\" content=\"https:\/\/urc.cat\/wp-content\/uploads\/2026\/09\/175-anys-del-vot-de-Tarragona-de-les-Religioses-de-Maria-Immaculada-Missioneres-Claretianes.jpg\" \/>\n\t<meta property=\"og:image:width\" content=\"1008\" \/>\n\t<meta property=\"og:image:height\" content=\"671\" \/>\n\t<meta property=\"og:image:type\" content=\"image\/jpeg\" \/>\n<meta name=\"author\" content=\"secretaria\" \/>\n<meta name=\"twitter:card\" content=\"summary_large_image\" \/>\n<meta name=\"twitter:creator\" content=\"@ReligiososCat\" \/>\n<meta name=\"twitter:site\" content=\"@ReligiososCat\" \/>\n<meta name=\"twitter:label1\" content=\"Escrito por\" \/>\n\t<meta name=\"twitter:data1\" content=\"secretaria\" \/>\n\t<meta name=\"twitter:label2\" content=\"Tiempo de lectura\" \/>\n\t<meta name=\"twitter:data2\" content=\"2 minutos\" \/>\n<script type=\"application\/ld+json\" class=\"yoast-schema-graph\">{\"@context\":\"https:\\\/\\\/schema.org\",\"@graph\":[{\"@type\":\"Article\",\"@id\":\"https:\\\/\\\/urc.cat\\\/es\\\/175-anos-del-voto-de-tarragona-de-las-religiosas-de-maria-inmaculada-misioneras-claretianas\\\/#article\",\"isPartOf\":{\"@id\":\"https:\\\/\\\/urc.cat\\\/es\\\/175-anos-del-voto-de-tarragona-de-las-religiosas-de-maria-inmaculada-misioneras-claretianas\\\/\"},\"author\":{\"name\":\"secretaria\",\"@id\":\"https:\\\/\\\/urc.cat\\\/es\\\/#\\\/schema\\\/person\\\/3a09dd906741df1d76350885ff138fac\"},\"headline\":\"175 a\u00f1os del voto de Tarragona de las Religiosas de Mar\u00eda Inmaculada Misioneras Claretianas\",\"datePublished\":\"2026-09-03T09:03:54+00:00\",\"dateModified\":\"2026-09-03T09:07:09+00:00\",\"mainEntityOfPage\":{\"@id\":\"https:\\\/\\\/urc.cat\\\/es\\\/175-anos-del-voto-de-tarragona-de-las-religiosas-de-maria-inmaculada-misioneras-claretianas\\\/\"},\"wordCount\":447,\"publisher\":{\"@id\":\"https:\\\/\\\/urc.cat\\\/es\\\/#organization\"},\"image\":{\"@id\":\"https:\\\/\\\/urc.cat\\\/es\\\/175-anos-del-voto-de-tarragona-de-las-religiosas-de-maria-inmaculada-misioneras-claretianas\\\/#primaryimage\"},\"thumbnailUrl\":\"https:\\\/\\\/urc.cat\\\/wp-content\\\/uploads\\\/2026\\\/09\\\/175-anys-del-vot-de-Tarragona-de-les-Religioses-de-Maria-Immaculada-Missioneres-Claretianes.jpg\",\"keywords\":[\"Aniversario\",\"Mar\u00eda Antonia Par\u00eds\",\"religiosas de Mar\u00eda Inmaculada Misioneras Claretianas\",\"Tarragona\"],\"articleSection\":[\"Noticias\"],\"inLanguage\":\"es\"},{\"@type\":\"WebPage\",\"@id\":\"https:\\\/\\\/urc.cat\\\/es\\\/175-anos-del-voto-de-tarragona-de-las-religiosas-de-maria-inmaculada-misioneras-claretianas\\\/\",\"url\":\"https:\\\/\\\/urc.cat\\\/es\\\/175-anos-del-voto-de-tarragona-de-las-religiosas-de-maria-inmaculada-misioneras-claretianas\\\/\",\"name\":\"175 a\u00f1os del voto de Tarragona de las Religiosas de Mar\u00eda Inmaculada Misioneras Claretianas - URC\",\"isPartOf\":{\"@id\":\"https:\\\/\\\/urc.cat\\\/es\\\/#website\"},\"primaryImageOfPage\":{\"@id\":\"https:\\\/\\\/urc.cat\\\/es\\\/175-anos-del-voto-de-tarragona-de-las-religiosas-de-maria-inmaculada-misioneras-claretianas\\\/#primaryimage\"},\"image\":{\"@id\":\"https:\\\/\\\/urc.cat\\\/es\\\/175-anos-del-voto-de-tarragona-de-las-religiosas-de-maria-inmaculada-misioneras-claretianas\\\/#primaryimage\"},\"thumbnailUrl\":\"https:\\\/\\\/urc.cat\\\/wp-content\\\/uploads\\\/2026\\\/09\\\/175-anys-del-vot-de-Tarragona-de-les-Religioses-de-Maria-Immaculada-Missioneres-Claretianes.jpg\",\"datePublished\":\"2026-09-03T09:03:54+00:00\",\"dateModified\":\"2026-09-03T09:07:09+00:00\",\"breadcrumb\":{\"@id\":\"https:\\\/\\\/urc.cat\\\/es\\\/175-anos-del-voto-de-tarragona-de-las-religiosas-de-maria-inmaculada-misioneras-claretianas\\\/#breadcrumb\"},\"inLanguage\":\"es\",\"potentialAction\":[{\"@type\":\"ReadAction\",\"target\":[\"https:\\\/\\\/urc.cat\\\/es\\\/175-anos-del-voto-de-tarragona-de-las-religiosas-de-maria-inmaculada-misioneras-claretianas\\\/\"]}]},{\"@type\":\"ImageObject\",\"inLanguage\":\"es\",\"@id\":\"https:\\\/\\\/urc.cat\\\/es\\\/175-anos-del-voto-de-tarragona-de-las-religiosas-de-maria-inmaculada-misioneras-claretianas\\\/#primaryimage\",\"url\":\"https:\\\/\\\/urc.cat\\\/wp-content\\\/uploads\\\/2026\\\/09\\\/175-anys-del-vot-de-Tarragona-de-les-Religioses-de-Maria-Immaculada-Missioneres-Claretianes.jpg\",\"contentUrl\":\"https:\\\/\\\/urc.cat\\\/wp-content\\\/uploads\\\/2026\\\/09\\\/175-anys-del-vot-de-Tarragona-de-les-Religioses-de-Maria-Immaculada-Missioneres-Claretianes.jpg\",\"width\":1008,\"height\":671},{\"@type\":\"BreadcrumbList\",\"@id\":\"https:\\\/\\\/urc.cat\\\/es\\\/175-anos-del-voto-de-tarragona-de-las-religiosas-de-maria-inmaculada-misioneras-claretianas\\\/#breadcrumb\",\"itemListElement\":[{\"@type\":\"ListItem\",\"position\":1,\"name\":\"Inici\",\"item\":\"https:\\\/\\\/urc.cat\\\/es\\\/\"},{\"@type\":\"ListItem\",\"position\":2,\"name\":\"175 a\u00f1os del voto de Tarragona de las Religiosas de Mar\u00eda Inmaculada Misioneras Claretianas\"}]},{\"@type\":\"WebSite\",\"@id\":\"https:\\\/\\\/urc.cat\\\/es\\\/#website\",\"url\":\"https:\\\/\\\/urc.cat\\\/es\\\/\",\"name\":\"URC\",\"description\":\"Uni\u00f3 de Religiosos de Catalunya\",\"publisher\":{\"@id\":\"https:\\\/\\\/urc.cat\\\/es\\\/#organization\"},\"potentialAction\":[{\"@type\":\"SearchAction\",\"target\":{\"@type\":\"EntryPoint\",\"urlTemplate\":\"https:\\\/\\\/urc.cat\\\/es\\\/?s={search_term_string}\"},\"query-input\":{\"@type\":\"PropertyValueSpecification\",\"valueRequired\":true,\"valueName\":\"search_term_string\"}}],\"inLanguage\":\"es\"},{\"@type\":\"Organization\",\"@id\":\"https:\\\/\\\/urc.cat\\\/es\\\/#organization\",\"name\":\"Uni\u00f3 de Religiosos de Catalunya URC\",\"url\":\"https:\\\/\\\/urc.cat\\\/es\\\/\",\"logo\":{\"@type\":\"ImageObject\",\"inLanguage\":\"es\",\"@id\":\"https:\\\/\\\/urc.cat\\\/es\\\/#\\\/schema\\\/logo\\\/image\\\/\",\"url\":\"https:\\\/\\\/urc.cat\\\/wp-content\\\/uploads\\\/2020\\\/12\\\/URC-logo-color-1-scaled.jpg\",\"contentUrl\":\"https:\\\/\\\/urc.cat\\\/wp-content\\\/uploads\\\/2020\\\/12\\\/URC-logo-color-1-scaled.jpg\",\"width\":2560,\"height\":943,\"caption\":\"Uni\u00f3 de Religiosos de Catalunya URC\"},\"image\":{\"@id\":\"https:\\\/\\\/urc.cat\\\/es\\\/#\\\/schema\\\/logo\\\/image\\\/\"},\"sameAs\":[\"https:\\\/\\\/www.facebook.com\\\/ReligiososCat\\\/\",\"https:\\\/\\\/x.com\\\/ReligiososCat\",\"https:\\\/\\\/www.instagram.com\\\/religiosos_cat\\\/\",\"https:\\\/\\\/www.youtube.com\\\/channel\\\/UCz9DuGlswqHtI3FWnWQ3R0w\"]},{\"@type\":\"Person\",\"@id\":\"https:\\\/\\\/urc.cat\\\/es\\\/#\\\/schema\\\/person\\\/3a09dd906741df1d76350885ff138fac\",\"name\":\"secretaria\",\"image\":{\"@type\":\"ImageObject\",\"inLanguage\":\"es\",\"@id\":\"https:\\\/\\\/secure.gravatar.com\\\/avatar\\\/71dacc528a3c840ef89d4e84f0341fd7216db4159c9d41173b107b08fb0f5c7a?s=96&d=mm&r=g\",\"url\":\"https:\\\/\\\/secure.gravatar.com\\\/avatar\\\/71dacc528a3c840ef89d4e84f0341fd7216db4159c9d41173b107b08fb0f5c7a?s=96&d=mm&r=g\",\"contentUrl\":\"https:\\\/\\\/secure.gravatar.com\\\/avatar\\\/71dacc528a3c840ef89d4e84f0341fd7216db4159c9d41173b107b08fb0f5c7a?s=96&d=mm&r=g\",\"caption\":\"secretaria\"},\"url\":\"https:\\\/\\\/urc.cat\\\/es\\\/author\\\/secretaria\\\/\"}]}<\/script>\n<!-- \/ Yoast SEO plugin. -->","yoast_head_json":{"title":"175 a\u00f1os del voto de Tarragona de las Religiosas de Mar\u00eda Inmaculada Misioneras Claretianas - URC","robots":{"index":"index","follow":"follow","max-snippet":"max-snippet:-1","max-image-preview":"max-image-preview:large","max-video-preview":"max-video-preview:-1"},"canonical":"https:\/\/urc.cat\/es\/175-anos-del-voto-de-tarragona-de-las-religiosas-de-maria-inmaculada-misioneras-claretianas\/","og_locale":"es_ES","og_type":"article","og_title":"175 a\u00f1os del voto de Tarragona de las Religiosas de Mar\u00eda Inmaculada Misioneras Claretianas - URC","og_description":"(Claretianos \u00b7 26\/08\/26)\u00a0La Catedral de Tarragona acogi\u00f3 el pasado 15 de agosto la conmemoraci\u00f3n del 175.\u00ba aniversario del Voto de Tarragona, un momento clave en el origen de la congregaci\u00f3n\u00a0Religiosas de Mar\u00eda Inmaculada Misioneras Claretianas. El acto central tuvo lugar en la Capilla de la Virgen del Claustro con una eucarist\u00eda presidida por el arzobispo&hellip;","og_url":"https:\/\/urc.cat\/es\/175-anos-del-voto-de-tarragona-de-las-religiosas-de-maria-inmaculada-misioneras-claretianas\/","og_site_name":"URC","article_publisher":"https:\/\/www.facebook.com\/ReligiososCat\/","article_published_time":"2026-09-03T09:03:54+00:00","article_modified_time":"2026-09-03T09:07:09+00:00","og_image":[{"width":1008,"height":671,"url":"https:\/\/urc.cat\/wp-content\/uploads\/2026\/09\/175-anys-del-vot-de-Tarragona-de-les-Religioses-de-Maria-Immaculada-Missioneres-Claretianes.jpg","type":"image\/jpeg"}],"author":"secretaria","twitter_card":"summary_large_image","twitter_creator":"@ReligiososCat","twitter_site":"@ReligiososCat","twitter_misc":{"Escrito por":"secretaria","Tiempo de lectura":"2 minutos"},"schema":{"@context":"https:\/\/schema.org","@graph":[{"@type":"Article","@id":"https:\/\/urc.cat\/es\/175-anos-del-voto-de-tarragona-de-las-religiosas-de-maria-inmaculada-misioneras-claretianas\/#article","isPartOf":{"@id":"https:\/\/urc.cat\/es\/175-anos-del-voto-de-tarragona-de-las-religiosas-de-maria-inmaculada-misioneras-claretianas\/"},"author":{"name":"secretaria","@id":"https:\/\/urc.cat\/es\/#\/schema\/person\/3a09dd906741df1d76350885ff138fac"},"headline":"175 a\u00f1os del voto de Tarragona de las Religiosas de Mar\u00eda Inmaculada Misioneras Claretianas","datePublished":"2026-09-03T09:03:54+00:00","dateModified":"2026-09-03T09:07:09+00:00","mainEntityOfPage":{"@id":"https:\/\/urc.cat\/es\/175-anos-del-voto-de-tarragona-de-las-religiosas-de-maria-inmaculada-misioneras-claretianas\/"},"wordCount":447,"publisher":{"@id":"https:\/\/urc.cat\/es\/#organization"},"image":{"@id":"https:\/\/urc.cat\/es\/175-anos-del-voto-de-tarragona-de-las-religiosas-de-maria-inmaculada-misioneras-claretianas\/#primaryimage"},"thumbnailUrl":"https:\/\/urc.cat\/wp-content\/uploads\/2026\/09\/175-anys-del-vot-de-Tarragona-de-les-Religioses-de-Maria-Immaculada-Missioneres-Claretianes.jpg","keywords":["Aniversario","Mar\u00eda Antonia Par\u00eds","religiosas de Mar\u00eda Inmaculada Misioneras Claretianas","Tarragona"],"articleSection":["Noticias"],"inLanguage":"es"},{"@type":"WebPage","@id":"https:\/\/urc.cat\/es\/175-anos-del-voto-de-tarragona-de-las-religiosas-de-maria-inmaculada-misioneras-claretianas\/","url":"https:\/\/urc.cat\/es\/175-anos-del-voto-de-tarragona-de-las-religiosas-de-maria-inmaculada-misioneras-claretianas\/","name":"175 a\u00f1os del voto de Tarragona de las Religiosas de Mar\u00eda Inmaculada Misioneras Claretianas - URC","isPartOf":{"@id":"https:\/\/urc.cat\/es\/#website"},"primaryImageOfPage":{"@id":"https:\/\/urc.cat\/es\/175-anos-del-voto-de-tarragona-de-las-religiosas-de-maria-inmaculada-misioneras-claretianas\/#primaryimage"},"image":{"@id":"https:\/\/urc.cat\/es\/175-anos-del-voto-de-tarragona-de-las-religiosas-de-maria-inmaculada-misioneras-claretianas\/#primaryimage"},"thumbnailUrl":"https:\/\/urc.cat\/wp-content\/uploads\/2026\/09\/175-anys-del-vot-de-Tarragona-de-les-Religioses-de-Maria-Immaculada-Missioneres-Claretianes.jpg","datePublished":"2026-09-03T09:03:54+00:00","dateModified":"2026-09-03T09:07:09+00:00","breadcrumb":{"@id":"https:\/\/urc.cat\/es\/175-anos-del-voto-de-tarragona-de-las-religiosas-de-maria-inmaculada-misioneras-claretianas\/#breadcrumb"},"inLanguage":"es","potentialAction":[{"@type":"ReadAction","target":["https:\/\/urc.cat\/es\/175-anos-del-voto-de-tarragona-de-las-religiosas-de-maria-inmaculada-misioneras-claretianas\/"]}]},{"@type":"ImageObject","inLanguage":"es","@id":"https:\/\/urc.cat\/es\/175-anos-del-voto-de-tarragona-de-las-religiosas-de-maria-inmaculada-misioneras-claretianas\/#primaryimage","url":"https:\/\/urc.cat\/wp-content\/uploads\/2026\/09\/175-anys-del-vot-de-Tarragona-de-les-Religioses-de-Maria-Immaculada-Missioneres-Claretianes.jpg","contentUrl":"https:\/\/urc.cat\/wp-content\/uploads\/2026\/09\/175-anys-del-vot-de-Tarragona-de-les-Religioses-de-Maria-Immaculada-Missioneres-Claretianes.jpg","width":1008,"height":671},{"@type":"BreadcrumbList","@id":"https:\/\/urc.cat\/es\/175-anos-del-voto-de-tarragona-de-las-religiosas-de-maria-inmaculada-misioneras-claretianas\/#breadcrumb","itemListElement":[{"@type":"ListItem","position":1,"name":"Inici","item":"https:\/\/urc.cat\/es\/"},{"@type":"ListItem","position":2,"name":"175 a\u00f1os del voto de Tarragona de las Religiosas de Mar\u00eda Inmaculada Misioneras Claretianas"}]},{"@type":"WebSite","@id":"https:\/\/urc.cat\/es\/#website","url":"https:\/\/urc.cat\/es\/","name":"URC","description":"Uni\u00f3 de Religiosos de Catalunya","publisher":{"@id":"https:\/\/urc.cat\/es\/#organization"},"potentialAction":[{"@type":"SearchAction","target":{"@type":"EntryPoint","urlTemplate":"https:\/\/urc.cat\/es\/?s={search_term_string}"},"query-input":{"@type":"PropertyValueSpecification","valueRequired":true,"valueName":"search_term_string"}}],"inLanguage":"es"},{"@type":"Organization","@id":"https:\/\/urc.cat\/es\/#organization","name":"Uni\u00f3 de Religiosos de Catalunya URC","url":"https:\/\/urc.cat\/es\/","logo":{"@type":"ImageObject","inLanguage":"es","@id":"https:\/\/urc.cat\/es\/#\/schema\/logo\/image\/","url":"https:\/\/urc.cat\/wp-content\/uploads\/2020\/12\/URC-logo-color-1-scaled.jpg","contentUrl":"https:\/\/urc.cat\/wp-content\/uploads\/2020\/12\/URC-logo-color-1-scaled.jpg","width":2560,"height":943,"caption":"Uni\u00f3 de Religiosos de Catalunya URC"},"image":{"@id":"https:\/\/urc.cat\/es\/#\/schema\/logo\/image\/"},"sameAs":["https:\/\/www.facebook.com\/ReligiososCat\/","https:\/\/x.com\/ReligiososCat","https:\/\/www.instagram.com\/religiosos_cat\/","https:\/\/www.youtube.com\/channel\/UCz9DuGlswqHtI3FWnWQ3R0w"]},{"@type":"Person","@id":"https:\/\/urc.cat\/es\/#\/schema\/person\/3a09dd906741df1d76350885ff138fac","name":"secretaria","image":{"@type":"ImageObject","inLanguage":"es","@id":"https:\/\/secure.gravatar.com\/avatar\/71dacc528a3c840ef89d4e84f0341fd7216db4159c9d41173b107b08fb0f5c7a?s=96&d=mm&r=g","url":"https:\/\/secure.gravatar.com\/avatar\/71dacc528a3c840ef89d4e84f0341fd7216db4159c9d41173b107b08fb0f5c7a?s=96&d=mm&r=g","contentUrl":"https:\/\/secure.gravatar.com\/avatar\/71dacc528a3c840ef89d4e84f0341fd7216db4159c9d41173b107b08fb0f5c7a?s=96&d=mm&r=g","caption":"secretaria"},"url":"https:\/\/urc.cat\/es\/author\/secretaria\/"}]}},"_links":{"self":[{"href":"https:\/\/urc.cat\/es\/wp-json\/wp\/v2\/posts\/53893","targetHints":{"allow":["GET"]}}],"collection":[{"href":"https:\/\/urc.cat\/es\/wp-json\/wp\/v2\/posts"}],"about":[{"href":"https:\/\/urc.cat\/es\/wp-json\/wp\/v2\/types\/post"}],"author":[{"embeddable":true,"href":"https:\/\/urc.cat\/es\/wp-json\/wp\/v2\/users\/4"}],"replies":[{"embeddable":true,"href":"https:\/\/urc.cat\/es\/wp-json\/wp\/v2\/comments?post=53893"}],"version-history":[{"count":2,"href":"https:\/\/urc.cat\/es\/wp-json\/wp\/v2\/posts\/53893\/revisions"}],"predecessor-version":[{"id":53895,"href":"https:\/\/urc.cat\/es\/wp-json\/wp\/v2\/posts\/53893\/revisions\/53895"}],"wp:featuredmedia":[{"embeddable":true,"href":"https:\/\/urc.cat\/es\/wp-json\/wp\/v2\/media\/53890"}],"wp:attachment":[{"href":"https:\/\/urc.cat\/es\/wp-json\/wp\/v2\/media?parent=53893"}],"wp:term":[{"taxonomy":"category","embeddable":true,"href":"https:\/\/urc.cat\/es\/wp-json\/wp\/v2\/categories?post=53893"},{"taxonomy":"post_tag","embeddable":true,"href":"https:\/\/urc.cat\/es\/wp-json\/wp\/v2\/tags?post=53893"}],"curies":[{"name":"wp","href":"https:\/\/api.w.org\/{rel}","templated":true}]}}