{"id":53873,"date":"2026-09-02T10:22:52","date_gmt":"2026-09-02T08:22:52","guid":{"rendered":"https:\/\/urc.cat\/?p=53873"},"modified":"2026-09-02T11:15:39","modified_gmt":"2026-09-02T09:15:39","slug":"nuevos-consultores-del-dicasterio-para-la-vida-consagrada-una-presencia-significativa-de-las-mujeres-consagradas","status":"publish","type":"post","link":"https:\/\/urc.cat\/es\/nuevos-consultores-del-dicasterio-para-la-vida-consagrada-una-presencia-significativa-de-las-mujeres-consagradas\/","title":{"rendered":"Nuevos Consultores del Dicasterio para la Vida Consagrada: una presencia significativa de las mujeres consagradas"},"content":{"rendered":"<p style=\"text-align: justify;\">(<em><a href=\"https:\/\/www.uisg.org\/\" data-wpel-link=\"external\" target=\"_blank\" rel=\"external noopener noreferrer\" class=\"wpel-icon-right\">UISG<span class=\"wpel-icon wpel-image wpel-icon-13\"><\/span><\/a> \u00b7 08\/08\/26<\/em>)\u00a0El 6 de agosto de 2026, el Papa Le\u00f3n XIV nombr\u00f3 a los nuevos Consultores del Dicasterio para los Institutos de Vida Consagrada y las Sociedades de Vida Apost\u00f3lica para el quinquenio 2026\u20132031.<\/p>\n<p style=\"text-align: justify;\">La UISG acoge con alegr\u00eda estos nombramientos y, de manera particular, la presencia entre los nuevos Consultores de varias mujeres consagradas, entre ellas Superioras Generales de congregaciones miembros de la UISG, junto con Hna. Patricia Murray, CJ, ex Secretaria Ejecutiva de la UISG.<\/p>\n<p style=\"text-align: justify;\">Entre las religiosas nombradas se encuentran:<\/p>\n<ul style=\"text-align: justify;\">\n<li>Hna. Patricia Murray, CJ, ex Secretaria Ejecutiva de la Uni\u00f3n Internacional de Superioras Generales;<\/li>\n<li>Hna. Chiara Lorenzato, Superiora General de las Hermanas Clarisas Franciscanas Misioneras del Sant\u00edsimo Sacramento;<\/li>\n<li>Hna. Maria Nirmalini, Superiora General de las Hermanas del Carmelo Apost\u00f3lico;<\/li>\n<li>Hna. Mar\u00eda Rosaura Gonz\u00e1lez Casas, STJ, Pro-Directora del Instituto de Psicolog\u00eda de la Pontificia Universidad Gregoriana de Roma;<\/li>\n<li>Hna. Mary (Makamatine) Lembo, Vicaria General de las Hermanas de Santa Catalina Virgen y M\u00e1rtir;<\/li>\n<li>Hna. Maria do Disterro Rocha Santos, FCIM, Presidenta de la Confer\u00eancia dos Religiosos do Brasil.<\/li>\n<\/ul>\n<p style=\"text-align: justify;\">La presencia de estas mujeres consagradas, procedentes de diferentes contextos geogr\u00e1ficos, culturales y carism\u00e1ticos, representa una contribuci\u00f3n significativa a la reflexi\u00f3n de la Iglesia sobre la vida consagrada. Sus diversas experiencias en el liderazgo, la formaci\u00f3n, la teolog\u00eda, la psicolog\u00eda y el acompa\u00f1amiento de la vida religiosa podr\u00e1n enriquecer el discernimiento del Dicasterio.<\/p>\n<p>&nbsp;<\/p>\n<h4 style=\"text-align: justify;\"><strong>Un servicio de competencia, escucha y discernimiento<\/strong><\/h4>\n<p style=\"text-align: justify;\">Los Consultores est\u00e1n llamados a poner sus competencias y experiencia al servicio del Dicasterio, contribuyendo a la reflexi\u00f3n sobre las cuestiones que afectan a los Institutos de Vida Consagrada y a las Sociedades de Vida Apost\u00f3lica.<\/p>\n<p style=\"text-align: justify;\">La pluralidad de sus procedencias y experiencias eclesiales expresa la riqueza carism\u00e1tica de la vida consagrada y la dimensi\u00f3n universal de la Iglesia. Su servicio adquiere una especial importancia en un momento en el que la vida consagrada est\u00e1 llamada a discernir nuevas formas de presencia y misi\u00f3n y a afrontar, con creatividad y fidelidad al Evangelio, las transformaciones que atraviesan la Iglesia y la sociedad.<\/p>\n<p style=\"text-align: justify;\">Para la UISG, el nombramiento de Superioras Generales pertenecientes a su red y de Hna. Patricia Murray, CJ, que durante a\u00f1os sirvi\u00f3 a la Uni\u00f3n como Secretaria Ejecutiva, es motivo de especial alegr\u00eda. Es tambi\u00e9n un reconocimiento de la contribuci\u00f3n que las mujeres consagradas siguen ofreciendo a la vida y a la misi\u00f3n de la Iglesia a trav\u00e9s de su experiencia, competencia y capacidad de escucha y discernimiento.<\/p>\n<p style=\"text-align: justify;\">La UISG expresa su m\u00e1s sincera felicitaci\u00f3n a todos los nuevos Consultores y los acompa\u00f1a con la oraci\u00f3n en esta nueva responsabilidad, para que su servicio contribuya a impulsar una vida consagrada cada vez m\u00e1s evang\u00e9lica, sinodal y capaz de responder a los desaf\u00edos de nuestro tiempo.<\/p>\n","protected":false},"excerpt":{"rendered":"<p>(UISG \u00b7 08\/08\/26)\u00a0El 6 de agosto de 2026, el Papa Le\u00f3n XIV nombr\u00f3 a los nuevos Consultores del Dicasterio para los Institutos de Vida Consagrada y las Sociedades de Vida Apost\u00f3lica para el quinquenio 2026\u20132031. La UISG acoge con alegr\u00eda estos nombramientos y, de manera particular, la presencia entre los nuevos Consultores de varias mujeres&hellip;<\/p>\n","protected":false},"author":4,"featured_media":53874,"comment_status":"closed","ping_status":"closed","sticky":false,"template":"","format":"standard","meta":{"_members_access_role":[],"_members_access_error":""},"categories":[574],"tags":[7337,6240,1485],"class_list":["post-53873","post","type-post","status-publish","format-standard","has-post-thumbnail","hentry","category-noticias","tag-consultor","tag-dicasterio-para-los-institutos-de-vida-consagrada-y-las-sociedades-de-vida-apostolica","tag-union-internacional-de-superioras-generales","category-574","description-off"],"yoast_head":"<!-- This site is optimized with the Yoast SEO plugin v28.1 - https:\/\/yoast.com\/product\/yoast-seo-wordpress\/ -->\n<title>Nuevos Consultores del Dicasterio para la Vida Consagrada: una presencia significativa de las mujeres consagradas - URC<\/title>\n<meta name=\"robots\" content=\"index, follow, max-snippet:-1, max-image-preview:large, max-video-preview:-1\" \/>\n<link rel=\"canonical\" href=\"https:\/\/urc.cat\/es\/nuevos-consultores-del-dicasterio-para-la-vida-consagrada-una-presencia-significativa-de-las-mujeres-consagradas\/\" \/>\n<meta property=\"og:locale\" content=\"es_ES\" \/>\n<meta property=\"og:type\" content=\"article\" \/>\n<meta property=\"og:title\" content=\"Nuevos Consultores del Dicasterio para la Vida Consagrada: una presencia significativa de las mujeres consagradas - URC\" \/>\n<meta property=\"og:description\" content=\"(UISG \u00b7 08\/08\/26)\u00a0El 6 de agosto de 2026, el Papa Le\u00f3n XIV nombr\u00f3 a los nuevos Consultores del Dicasterio para los Institutos de Vida Consagrada y las Sociedades de Vida Apost\u00f3lica para el quinquenio 2026\u20132031. La UISG acoge con alegr\u00eda estos nombramientos y, de manera particular, la presencia entre los nuevos Consultores de varias mujeres&hellip;\" \/>\n<meta property=\"og:url\" content=\"https:\/\/urc.cat\/es\/nuevos-consultores-del-dicasterio-para-la-vida-consagrada-una-presencia-significativa-de-las-mujeres-consagradas\/\" \/>\n<meta property=\"og:site_name\" content=\"URC\" \/>\n<meta property=\"article:publisher\" content=\"https:\/\/www.facebook.com\/ReligiososCat\/\" \/>\n<meta property=\"article:published_time\" content=\"2026-09-02T08:22:52+00:00\" \/>\n<meta property=\"article:modified_time\" content=\"2026-09-02T09:15:39+00:00\" \/>\n<meta property=\"og:image\" content=\"https:\/\/urc.cat\/wp-content\/uploads\/2026\/09\/Nuevos-Consultores-del-Dicasterio-para-la-Vida-Consagrada.jpg\" \/>\n\t<meta property=\"og:image:width\" content=\"299\" \/>\n\t<meta property=\"og:image:height\" content=\"168\" \/>\n\t<meta property=\"og:image:type\" content=\"image\/jpeg\" \/>\n<meta name=\"author\" content=\"secretaria\" \/>\n<meta name=\"twitter:card\" content=\"summary_large_image\" \/>\n<meta name=\"twitter:creator\" content=\"@ReligiososCat\" \/>\n<meta name=\"twitter:site\" content=\"@ReligiososCat\" \/>\n<meta name=\"twitter:label1\" content=\"Escrito por\" \/>\n\t<meta name=\"twitter:data1\" content=\"secretaria\" \/>\n\t<meta name=\"twitter:label2\" content=\"Tiempo de lectura\" \/>\n\t<meta name=\"twitter:data2\" content=\"2 minutos\" \/>\n<script type=\"application\/ld+json\" class=\"yoast-schema-graph\">{\"@context\":\"https:\\\/\\\/schema.org\",\"@graph\":[{\"@type\":\"Article\",\"@id\":\"https:\\\/\\\/urc.cat\\\/es\\\/nuevos-consultores-del-dicasterio-para-la-vida-consagrada-una-presencia-significativa-de-las-mujeres-consagradas\\\/#article\",\"isPartOf\":{\"@id\":\"https:\\\/\\\/urc.cat\\\/es\\\/nuevos-consultores-del-dicasterio-para-la-vida-consagrada-una-presencia-significativa-de-las-mujeres-consagradas\\\/\"},\"author\":{\"name\":\"secretaria\",\"@id\":\"https:\\\/\\\/urc.cat\\\/es\\\/#\\\/schema\\\/person\\\/3a09dd906741df1d76350885ff138fac\"},\"headline\":\"Nuevos Consultores del Dicasterio para la Vida Consagrada: una presencia significativa de las mujeres consagradas\",\"datePublished\":\"2026-09-02T08:22:52+00:00\",\"dateModified\":\"2026-09-02T09:15:39+00:00\",\"mainEntityOfPage\":{\"@id\":\"https:\\\/\\\/urc.cat\\\/es\\\/nuevos-consultores-del-dicasterio-para-la-vida-consagrada-una-presencia-significativa-de-las-mujeres-consagradas\\\/\"},\"wordCount\":500,\"publisher\":{\"@id\":\"https:\\\/\\\/urc.cat\\\/es\\\/#organization\"},\"image\":{\"@id\":\"https:\\\/\\\/urc.cat\\\/es\\\/nuevos-consultores-del-dicasterio-para-la-vida-consagrada-una-presencia-significativa-de-las-mujeres-consagradas\\\/#primaryimage\"},\"thumbnailUrl\":\"https:\\\/\\\/urc.cat\\\/wp-content\\\/uploads\\\/2026\\\/09\\\/Nuevos-Consultores-del-Dicasterio-para-la-Vida-Consagrada.jpg\",\"keywords\":[\"Consultor\",\"Dicasterio para los Institutos de Vida Consagrada y las Sociedades de Vida Apost\u00f3lica\",\"Uni\u00f3n Internacional de Superioras Generales\"],\"articleSection\":[\"Noticias\"],\"inLanguage\":\"es\"},{\"@type\":\"WebPage\",\"@id\":\"https:\\\/\\\/urc.cat\\\/es\\\/nuevos-consultores-del-dicasterio-para-la-vida-consagrada-una-presencia-significativa-de-las-mujeres-consagradas\\\/\",\"url\":\"https:\\\/\\\/urc.cat\\\/es\\\/nuevos-consultores-del-dicasterio-para-la-vida-consagrada-una-presencia-significativa-de-las-mujeres-consagradas\\\/\",\"name\":\"Nuevos Consultores del Dicasterio para la Vida Consagrada: una presencia significativa de las mujeres consagradas - URC\",\"isPartOf\":{\"@id\":\"https:\\\/\\\/urc.cat\\\/es\\\/#website\"},\"primaryImageOfPage\":{\"@id\":\"https:\\\/\\\/urc.cat\\\/es\\\/nuevos-consultores-del-dicasterio-para-la-vida-consagrada-una-presencia-significativa-de-las-mujeres-consagradas\\\/#primaryimage\"},\"image\":{\"@id\":\"https:\\\/\\\/urc.cat\\\/es\\\/nuevos-consultores-del-dicasterio-para-la-vida-consagrada-una-presencia-significativa-de-las-mujeres-consagradas\\\/#primaryimage\"},\"thumbnailUrl\":\"https:\\\/\\\/urc.cat\\\/wp-content\\\/uploads\\\/2026\\\/09\\\/Nuevos-Consultores-del-Dicasterio-para-la-Vida-Consagrada.jpg\",\"datePublished\":\"2026-09-02T08:22:52+00:00\",\"dateModified\":\"2026-09-02T09:15:39+00:00\",\"breadcrumb\":{\"@id\":\"https:\\\/\\\/urc.cat\\\/es\\\/nuevos-consultores-del-dicasterio-para-la-vida-consagrada-una-presencia-significativa-de-las-mujeres-consagradas\\\/#breadcrumb\"},\"inLanguage\":\"es\",\"potentialAction\":[{\"@type\":\"ReadAction\",\"target\":[\"https:\\\/\\\/urc.cat\\\/es\\\/nuevos-consultores-del-dicasterio-para-la-vida-consagrada-una-presencia-significativa-de-las-mujeres-consagradas\\\/\"]}]},{\"@type\":\"ImageObject\",\"inLanguage\":\"es\",\"@id\":\"https:\\\/\\\/urc.cat\\\/es\\\/nuevos-consultores-del-dicasterio-para-la-vida-consagrada-una-presencia-significativa-de-las-mujeres-consagradas\\\/#primaryimage\",\"url\":\"https:\\\/\\\/urc.cat\\\/wp-content\\\/uploads\\\/2026\\\/09\\\/Nuevos-Consultores-del-Dicasterio-para-la-Vida-Consagrada.jpg\",\"contentUrl\":\"https:\\\/\\\/urc.cat\\\/wp-content\\\/uploads\\\/2026\\\/09\\\/Nuevos-Consultores-del-Dicasterio-para-la-Vida-Consagrada.jpg\",\"width\":299,\"height\":168},{\"@type\":\"BreadcrumbList\",\"@id\":\"https:\\\/\\\/urc.cat\\\/es\\\/nuevos-consultores-del-dicasterio-para-la-vida-consagrada-una-presencia-significativa-de-las-mujeres-consagradas\\\/#breadcrumb\",\"itemListElement\":[{\"@type\":\"ListItem\",\"position\":1,\"name\":\"Inici\",\"item\":\"https:\\\/\\\/urc.cat\\\/es\\\/\"},{\"@type\":\"ListItem\",\"position\":2,\"name\":\"Nuevos Consultores del Dicasterio para la Vida Consagrada: una presencia significativa de las mujeres consagradas\"}]},{\"@type\":\"WebSite\",\"@id\":\"https:\\\/\\\/urc.cat\\\/es\\\/#website\",\"url\":\"https:\\\/\\\/urc.cat\\\/es\\\/\",\"name\":\"URC\",\"description\":\"Uni\u00f3 de Religiosos de Catalunya\",\"publisher\":{\"@id\":\"https:\\\/\\\/urc.cat\\\/es\\\/#organization\"},\"potentialAction\":[{\"@type\":\"SearchAction\",\"target\":{\"@type\":\"EntryPoint\",\"urlTemplate\":\"https:\\\/\\\/urc.cat\\\/es\\\/?s={search_term_string}\"},\"query-input\":{\"@type\":\"PropertyValueSpecification\",\"valueRequired\":true,\"valueName\":\"search_term_string\"}}],\"inLanguage\":\"es\"},{\"@type\":\"Organization\",\"@id\":\"https:\\\/\\\/urc.cat\\\/es\\\/#organization\",\"name\":\"Uni\u00f3 de Religiosos de Catalunya URC\",\"url\":\"https:\\\/\\\/urc.cat\\\/es\\\/\",\"logo\":{\"@type\":\"ImageObject\",\"inLanguage\":\"es\",\"@id\":\"https:\\\/\\\/urc.cat\\\/es\\\/#\\\/schema\\\/logo\\\/image\\\/\",\"url\":\"https:\\\/\\\/urc.cat\\\/wp-content\\\/uploads\\\/2020\\\/12\\\/URC-logo-color-1-scaled.jpg\",\"contentUrl\":\"https:\\\/\\\/urc.cat\\\/wp-content\\\/uploads\\\/2020\\\/12\\\/URC-logo-color-1-scaled.jpg\",\"width\":2560,\"height\":943,\"caption\":\"Uni\u00f3 de Religiosos de Catalunya URC\"},\"image\":{\"@id\":\"https:\\\/\\\/urc.cat\\\/es\\\/#\\\/schema\\\/logo\\\/image\\\/\"},\"sameAs\":[\"https:\\\/\\\/www.facebook.com\\\/ReligiososCat\\\/\",\"https:\\\/\\\/x.com\\\/ReligiososCat\",\"https:\\\/\\\/www.instagram.com\\\/religiosos_cat\\\/\",\"https:\\\/\\\/www.youtube.com\\\/channel\\\/UCz9DuGlswqHtI3FWnWQ3R0w\"]},{\"@type\":\"Person\",\"@id\":\"https:\\\/\\\/urc.cat\\\/es\\\/#\\\/schema\\\/person\\\/3a09dd906741df1d76350885ff138fac\",\"name\":\"secretaria\",\"image\":{\"@type\":\"ImageObject\",\"inLanguage\":\"es\",\"@id\":\"https:\\\/\\\/secure.gravatar.com\\\/avatar\\\/71dacc528a3c840ef89d4e84f0341fd7216db4159c9d41173b107b08fb0f5c7a?s=96&d=mm&r=g\",\"url\":\"https:\\\/\\\/secure.gravatar.com\\\/avatar\\\/71dacc528a3c840ef89d4e84f0341fd7216db4159c9d41173b107b08fb0f5c7a?s=96&d=mm&r=g\",\"contentUrl\":\"https:\\\/\\\/secure.gravatar.com\\\/avatar\\\/71dacc528a3c840ef89d4e84f0341fd7216db4159c9d41173b107b08fb0f5c7a?s=96&d=mm&r=g\",\"caption\":\"secretaria\"},\"url\":\"https:\\\/\\\/urc.cat\\\/es\\\/author\\\/secretaria\\\/\"}]}<\/script>\n<!-- \/ Yoast SEO plugin. -->","yoast_head_json":{"title":"Nuevos Consultores del Dicasterio para la Vida Consagrada: una presencia significativa de las mujeres consagradas - URC","robots":{"index":"index","follow":"follow","max-snippet":"max-snippet:-1","max-image-preview":"max-image-preview:large","max-video-preview":"max-video-preview:-1"},"canonical":"https:\/\/urc.cat\/es\/nuevos-consultores-del-dicasterio-para-la-vida-consagrada-una-presencia-significativa-de-las-mujeres-consagradas\/","og_locale":"es_ES","og_type":"article","og_title":"Nuevos Consultores del Dicasterio para la Vida Consagrada: una presencia significativa de las mujeres consagradas - URC","og_description":"(UISG \u00b7 08\/08\/26)\u00a0El 6 de agosto de 2026, el Papa Le\u00f3n XIV nombr\u00f3 a los nuevos Consultores del Dicasterio para los Institutos de Vida Consagrada y las Sociedades de Vida Apost\u00f3lica para el quinquenio 2026\u20132031. La UISG acoge con alegr\u00eda estos nombramientos y, de manera particular, la presencia entre los nuevos Consultores de varias mujeres&hellip;","og_url":"https:\/\/urc.cat\/es\/nuevos-consultores-del-dicasterio-para-la-vida-consagrada-una-presencia-significativa-de-las-mujeres-consagradas\/","og_site_name":"URC","article_publisher":"https:\/\/www.facebook.com\/ReligiososCat\/","article_published_time":"2026-09-02T08:22:52+00:00","article_modified_time":"2026-09-02T09:15:39+00:00","og_image":[{"width":299,"height":168,"url":"https:\/\/urc.cat\/wp-content\/uploads\/2026\/09\/Nuevos-Consultores-del-Dicasterio-para-la-Vida-Consagrada.jpg","type":"image\/jpeg"}],"author":"secretaria","twitter_card":"summary_large_image","twitter_creator":"@ReligiososCat","twitter_site":"@ReligiososCat","twitter_misc":{"Escrito por":"secretaria","Tiempo de lectura":"2 minutos"},"schema":{"@context":"https:\/\/schema.org","@graph":[{"@type":"Article","@id":"https:\/\/urc.cat\/es\/nuevos-consultores-del-dicasterio-para-la-vida-consagrada-una-presencia-significativa-de-las-mujeres-consagradas\/#article","isPartOf":{"@id":"https:\/\/urc.cat\/es\/nuevos-consultores-del-dicasterio-para-la-vida-consagrada-una-presencia-significativa-de-las-mujeres-consagradas\/"},"author":{"name":"secretaria","@id":"https:\/\/urc.cat\/es\/#\/schema\/person\/3a09dd906741df1d76350885ff138fac"},"headline":"Nuevos Consultores del Dicasterio para la Vida Consagrada: una presencia significativa de las mujeres consagradas","datePublished":"2026-09-02T08:22:52+00:00","dateModified":"2026-09-02T09:15:39+00:00","mainEntityOfPage":{"@id":"https:\/\/urc.cat\/es\/nuevos-consultores-del-dicasterio-para-la-vida-consagrada-una-presencia-significativa-de-las-mujeres-consagradas\/"},"wordCount":500,"publisher":{"@id":"https:\/\/urc.cat\/es\/#organization"},"image":{"@id":"https:\/\/urc.cat\/es\/nuevos-consultores-del-dicasterio-para-la-vida-consagrada-una-presencia-significativa-de-las-mujeres-consagradas\/#primaryimage"},"thumbnailUrl":"https:\/\/urc.cat\/wp-content\/uploads\/2026\/09\/Nuevos-Consultores-del-Dicasterio-para-la-Vida-Consagrada.jpg","keywords":["Consultor","Dicasterio para los Institutos de Vida Consagrada y las Sociedades de Vida Apost\u00f3lica","Uni\u00f3n Internacional de Superioras Generales"],"articleSection":["Noticias"],"inLanguage":"es"},{"@type":"WebPage","@id":"https:\/\/urc.cat\/es\/nuevos-consultores-del-dicasterio-para-la-vida-consagrada-una-presencia-significativa-de-las-mujeres-consagradas\/","url":"https:\/\/urc.cat\/es\/nuevos-consultores-del-dicasterio-para-la-vida-consagrada-una-presencia-significativa-de-las-mujeres-consagradas\/","name":"Nuevos Consultores del Dicasterio para la Vida Consagrada: una presencia significativa de las mujeres consagradas - URC","isPartOf":{"@id":"https:\/\/urc.cat\/es\/#website"},"primaryImageOfPage":{"@id":"https:\/\/urc.cat\/es\/nuevos-consultores-del-dicasterio-para-la-vida-consagrada-una-presencia-significativa-de-las-mujeres-consagradas\/#primaryimage"},"image":{"@id":"https:\/\/urc.cat\/es\/nuevos-consultores-del-dicasterio-para-la-vida-consagrada-una-presencia-significativa-de-las-mujeres-consagradas\/#primaryimage"},"thumbnailUrl":"https:\/\/urc.cat\/wp-content\/uploads\/2026\/09\/Nuevos-Consultores-del-Dicasterio-para-la-Vida-Consagrada.jpg","datePublished":"2026-09-02T08:22:52+00:00","dateModified":"2026-09-02T09:15:39+00:00","breadcrumb":{"@id":"https:\/\/urc.cat\/es\/nuevos-consultores-del-dicasterio-para-la-vida-consagrada-una-presencia-significativa-de-las-mujeres-consagradas\/#breadcrumb"},"inLanguage":"es","potentialAction":[{"@type":"ReadAction","target":["https:\/\/urc.cat\/es\/nuevos-consultores-del-dicasterio-para-la-vida-consagrada-una-presencia-significativa-de-las-mujeres-consagradas\/"]}]},{"@type":"ImageObject","inLanguage":"es","@id":"https:\/\/urc.cat\/es\/nuevos-consultores-del-dicasterio-para-la-vida-consagrada-una-presencia-significativa-de-las-mujeres-consagradas\/#primaryimage","url":"https:\/\/urc.cat\/wp-content\/uploads\/2026\/09\/Nuevos-Consultores-del-Dicasterio-para-la-Vida-Consagrada.jpg","contentUrl":"https:\/\/urc.cat\/wp-content\/uploads\/2026\/09\/Nuevos-Consultores-del-Dicasterio-para-la-Vida-Consagrada.jpg","width":299,"height":168},{"@type":"BreadcrumbList","@id":"https:\/\/urc.cat\/es\/nuevos-consultores-del-dicasterio-para-la-vida-consagrada-una-presencia-significativa-de-las-mujeres-consagradas\/#breadcrumb","itemListElement":[{"@type":"ListItem","position":1,"name":"Inici","item":"https:\/\/urc.cat\/es\/"},{"@type":"ListItem","position":2,"name":"Nuevos Consultores del Dicasterio para la Vida Consagrada: una presencia significativa de las mujeres consagradas"}]},{"@type":"WebSite","@id":"https:\/\/urc.cat\/es\/#website","url":"https:\/\/urc.cat\/es\/","name":"URC","description":"Uni\u00f3 de Religiosos de Catalunya","publisher":{"@id":"https:\/\/urc.cat\/es\/#organization"},"potentialAction":[{"@type":"SearchAction","target":{"@type":"EntryPoint","urlTemplate":"https:\/\/urc.cat\/es\/?s={search_term_string}"},"query-input":{"@type":"PropertyValueSpecification","valueRequired":true,"valueName":"search_term_string"}}],"inLanguage":"es"},{"@type":"Organization","@id":"https:\/\/urc.cat\/es\/#organization","name":"Uni\u00f3 de Religiosos de Catalunya URC","url":"https:\/\/urc.cat\/es\/","logo":{"@type":"ImageObject","inLanguage":"es","@id":"https:\/\/urc.cat\/es\/#\/schema\/logo\/image\/","url":"https:\/\/urc.cat\/wp-content\/uploads\/2020\/12\/URC-logo-color-1-scaled.jpg","contentUrl":"https:\/\/urc.cat\/wp-content\/uploads\/2020\/12\/URC-logo-color-1-scaled.jpg","width":2560,"height":943,"caption":"Uni\u00f3 de Religiosos de Catalunya URC"},"image":{"@id":"https:\/\/urc.cat\/es\/#\/schema\/logo\/image\/"},"sameAs":["https:\/\/www.facebook.com\/ReligiososCat\/","https:\/\/x.com\/ReligiososCat","https:\/\/www.instagram.com\/religiosos_cat\/","https:\/\/www.youtube.com\/channel\/UCz9DuGlswqHtI3FWnWQ3R0w"]},{"@type":"Person","@id":"https:\/\/urc.cat\/es\/#\/schema\/person\/3a09dd906741df1d76350885ff138fac","name":"secretaria","image":{"@type":"ImageObject","inLanguage":"es","@id":"https:\/\/secure.gravatar.com\/avatar\/71dacc528a3c840ef89d4e84f0341fd7216db4159c9d41173b107b08fb0f5c7a?s=96&d=mm&r=g","url":"https:\/\/secure.gravatar.com\/avatar\/71dacc528a3c840ef89d4e84f0341fd7216db4159c9d41173b107b08fb0f5c7a?s=96&d=mm&r=g","contentUrl":"https:\/\/secure.gravatar.com\/avatar\/71dacc528a3c840ef89d4e84f0341fd7216db4159c9d41173b107b08fb0f5c7a?s=96&d=mm&r=g","caption":"secretaria"},"url":"https:\/\/urc.cat\/es\/author\/secretaria\/"}]}},"_links":{"self":[{"href":"https:\/\/urc.cat\/es\/wp-json\/wp\/v2\/posts\/53873","targetHints":{"allow":["GET"]}}],"collection":[{"href":"https:\/\/urc.cat\/es\/wp-json\/wp\/v2\/posts"}],"about":[{"href":"https:\/\/urc.cat\/es\/wp-json\/wp\/v2\/types\/post"}],"author":[{"embeddable":true,"href":"https:\/\/urc.cat\/es\/wp-json\/wp\/v2\/users\/4"}],"replies":[{"embeddable":true,"href":"https:\/\/urc.cat\/es\/wp-json\/wp\/v2\/comments?post=53873"}],"version-history":[{"count":3,"href":"https:\/\/urc.cat\/es\/wp-json\/wp\/v2\/posts\/53873\/revisions"}],"predecessor-version":[{"id":53878,"href":"https:\/\/urc.cat\/es\/wp-json\/wp\/v2\/posts\/53873\/revisions\/53878"}],"wp:featuredmedia":[{"embeddable":true,"href":"https:\/\/urc.cat\/es\/wp-json\/wp\/v2\/media\/53874"}],"wp:attachment":[{"href":"https:\/\/urc.cat\/es\/wp-json\/wp\/v2\/media?parent=53873"}],"wp:term":[{"taxonomy":"category","embeddable":true,"href":"https:\/\/urc.cat\/es\/wp-json\/wp\/v2\/categories?post=53873"},{"taxonomy":"post_tag","embeddable":true,"href":"https:\/\/urc.cat\/es\/wp-json\/wp\/v2\/tags?post=53873"}],"curies":[{"name":"wp","href":"https:\/\/api.w.org\/{rel}","templated":true}]}}