{"id":53862,"date":"2026-09-02T10:00:07","date_gmt":"2026-09-02T08:00:07","guid":{"rendered":"https:\/\/urc.cat\/?p=53862"},"modified":"2026-09-02T10:01:58","modified_gmt":"2026-09-02T08:01:58","slug":"leioa-acoge-el-encuentro-de-claretianos-menores-de-sesenta-anos-de-la-provincia","status":"publish","type":"post","link":"https:\/\/urc.cat\/es\/leioa-acoge-el-encuentro-de-claretianos-menores-de-sesenta-anos-de-la-provincia\/","title":{"rendered":"Leioa acoge el encuentro de claretianos menores de sesenta a\u00f1os de la Provincia"},"content":{"rendered":"<p style=\"text-align: justify;\">(<em><a href=\"https:\/\/claretpaulus.org\/\" data-wpel-link=\"external\" target=\"_blank\" rel=\"external noopener noreferrer\" class=\"wpel-icon-right\">Claretianos<span class=\"wpel-icon wpel-image wpel-icon-13\"><\/span><\/a> \u00b7 31\/08\/26<\/em>)\u00a0Treinta y dos misioneros claretianos de la Provincia de Sanctus Paulus, todos menores de 60 a\u00f1os, se reunieron del 23 al 26 de agosto en\u00a0<a href=\"https:\/\/www.atalaiaclaret.com\/\" target=\"_blank\" rel=\"noopener external noreferrer\" data-wpel-link=\"external\" class=\"wpel-icon-right\"><strong>Atalaia Claret<\/strong><span class=\"wpel-icon wpel-image wpel-icon-13\"><\/span><\/a>\u00a0(Leioa, Vizcaya) acompa\u00f1ados de los miembros del\u00a0<a href=\"https:\/\/claretpaulus.org\/claretianos\/gobierno-provincial\/\" target=\"_blank\" rel=\"noopener external noreferrer\" data-wpel-link=\"external\" class=\"wpel-icon-right\"><strong>gobierno provincial<\/strong><span class=\"wpel-icon wpel-image wpel-icon-13\"><\/span><\/a>. Proven\u00edan de las diversas comunidades de Euskal Herr\u00eda, Catalunya, Francia e Italia que conforman nuestra provincia con el objetivo de celebrar juntos la fe, disfrutar de la fraternidad y reflexionar sobre la Misi\u00f3n de la Provincia, dada la responsabilidad especial que tiene ese colectivo en su presente y futuro. La diversidad de or\u00edgenes \u2014fiel reflejo de la fisonom\u00eda actual de la Provincia\u2014 fue desde el primer momento una riqueza palpable.<\/p>\n<p style=\"text-align: justify;\">La celebraci\u00f3n de la eucarist\u00eda y las oraciones de laudes y v\u00edsperas han ido acompa\u00f1ando estos d\u00edas. Preparadas por personas de las distintas comunidades, han sido reflejo de la diversidad de lenguas y sensibilidades.<\/p>\n<p style=\"text-align: justify;\">Tras un primer momento de compartir en grupos las diversas historias y situaciones personales, se pas\u00f3 a presentar la realidad de la provincia: personas, comunidades, obras apost\u00f3licas y econom\u00eda. Esto ayud\u00f3 a conocer mejor el conjunto de una comunidad provincial bastante plural y relativamente joven, ya que inici\u00f3 su andadura en enero del 2020.<\/p>\n<p style=\"text-align: justify;\">Posteriormente se presentaron los retos que la realidad de Europa plantea a la misi\u00f3n claretiana y c\u00f3mo el proyecto misionero de la Provincia responde a ellos, con su lectura de la realidad, prioridades, opciones, destinatarios preferentes y plataformas estrat\u00e9gicas. Un trabajo por grupos profundiz\u00f3 en ello evaluando c\u00f3mo se est\u00e1 llevando a cabo dicho proyecto en cada comunidad y plataforma.<\/p>\n<p style=\"text-align: justify;\">En conexi\u00f3n con ello, se reflexion\u00f3 sobre la cultura vocacional que se debe cultivar para hacer frente al reto importante que nos presenta el contexto europeo: c\u00f3mo trabajar para que haya personas que respondan a la llamada de Dios, especialmente la llamada a la vida misionera en nuestra Congregaci\u00f3n.<\/p>\n<p style=\"text-align: justify;\">Parte importante del encuentro fue dar a conocer los proyectos apost\u00f3licos que se realizan en el entorno donde tuvo lugar: el colegio<a href=\"https:\/\/claretaskartza.eus\/\" target=\"_blank\" rel=\"noopener external noreferrer\" data-wpel-link=\"external\" class=\"wpel-icon-right\"><strong>\u00a0Askarza Claret<\/strong>\u00a0<span class=\"wpel-icon wpel-image wpel-icon-13\"><\/span><\/a>(Leioa) y la Fundaci\u00f3n<a href=\"https:\/\/claretenea.org\/\" target=\"_blank\" rel=\"noopener external noreferrer\" data-wpel-link=\"external\" class=\"wpel-icon-right\"><strong>\u00a0Claret Enea<\/strong><span class=\"wpel-icon wpel-image wpel-icon-13\"><\/span><\/a>\u00a0(Bilbao). El P. Eduardo Madrazo, responsable de pastoral del colegio explic\u00f3 el planteamiento pastoral global y las iniciativas que se llevan a cabo dentro del horario escolar: los oratorios, campa\u00f1as, celebraciones\u2026 As\u00ed mismo comparti\u00f3 las interesantes propuestas que se ofrecen en horario extraescolar: colonias y campamentos, catequesis de ni\u00f1os y adolescentes, de familias, grupos de fe, celebraciones eucar\u00edsticas dominicales para el conjunto de la comunidad, etc.<\/p>\n<p style=\"text-align: justify;\">Los participantes del encuentro tambi\u00e9n contaron con el interesante testimonio de Nagore, Miren y Natalia, tres laicas pertenecientes al\u00a0<a href=\"https:\/\/sortarazi.org\/?fbclid=PAZXh0bgNhZW0CMTEAAafkJ419r_6LIlnVVGyf3rtU5s0XSVMANuY8YA4Wyno7hR3TonANe3ktj2Epag_aem_z5znXaEkYuvW677NZNJ9_w\" target=\"_blank\" rel=\"noopener external noreferrer\" data-wpel-link=\"external\" class=\"wpel-icon-right\"><strong>Movimiento de Seglares Claretianos<\/strong><span class=\"wpel-icon wpel-image wpel-icon-13\"><\/span><\/a>; ya que en Askartza y Bilbao existe un buen grupo de este movimiento muy implicado en el colegio y en la pastoral social. Fue muy enriquecedor conocer su testimonio personal, as\u00ed como la organizaci\u00f3n del movimiento y sobre todo el esp\u00edritu claretiano que lo anima.<\/p>\n<p style=\"text-align: justify;\">Por lo que se refiere a la Fundaci\u00f3n Claret Enea, los participantes del encuentro se desplazaron a Bilbao para conocer este importante proyecto social impulsado por los Misioneros Claretianos y en el que participan tambi\u00e9n los Seglares Claretianos. Pilar Maroto, responsable del \u00e1mbito de la formaci\u00f3n y seglar claretiana, fue ense\u00f1ando el edificio e informando sobre los diversos servicios que se realizan y sobre todo el esp\u00edritu cristiano y claretiano que los anima. Es un gran ejemplo de misi\u00f3n compartida entre la comunidad claretiana y los laicos implicados. Gracias a los diversos servicios, personas sobre todo emigrantes que llegan -la mayor\u00eda de las veces sin papeles ni alojamiento y sin saber la lengua- son acogidos y acompa\u00f1ados en sus diversas necesidades hasta lograr una suficiente autonom\u00eda: comida, alojamiento, formaci\u00f3n, vida de familia, espiritualidad\u2026 Lo corrobor\u00f3 el testimonio de un chico y una chica que hab\u00edan pasado por el centro.<\/p>\n<p style=\"text-align: justify;\">En la \u00faltima ma\u00f1ana, se comparti\u00f3 en peque\u00f1os grupos y en plenaria los frutos que cada uno hab\u00eda recogido, as\u00ed como alg\u00fan compromiso a realizar y un mensaje a enviar al conjunto de la Provincia. La eucarist\u00eda final, presidida por el Superior Provincial, P. Juan Mart\u00edn Askaiturrieta, fue la ocasi\u00f3n privilegiada para dar gracias a Dios por lo vivido, fortalecer la comuni\u00f3n fraterna y pedir fuerzas para asumir la importante responsabilidad que corresponde al colectivo joven en la marcha de la Provincia.<\/p>\n<p style=\"text-align: justify;\">Del encuentro cabe destacar tambi\u00e9n el gran ambiente fraterno, lleno de buen humor y alegr\u00eda, fomentado por las actividades l\u00fadicas de la noche. La comida fraterna puso el colof\u00f3n a un encuentro valorado muy positivamente.<\/p>\n","protected":false},"excerpt":{"rendered":"<p>(Claretianos \u00b7 31\/08\/26)\u00a0Treinta y dos misioneros claretianos de la Provincia de Sanctus Paulus, todos menores de 60 a\u00f1os, se reunieron del 23 al 26 de agosto en\u00a0Atalaia Claret\u00a0(Leioa, Vizcaya) acompa\u00f1ados de los miembros del\u00a0gobierno provincial. Proven\u00edan de las diversas comunidades de Euskal Herr\u00eda, Catalunya, Francia e Italia que conforman nuestra provincia con el objetivo de&hellip;<\/p>\n","protected":false},"author":4,"featured_media":53860,"comment_status":"closed","ping_status":"closed","sticky":false,"template":"","format":"standard","meta":{"_members_access_role":[],"_members_access_error":""},"categories":[574],"tags":[4520],"class_list":["post-53862","post","type-post","status-publish","format-standard","has-post-thumbnail","hentry","category-noticias","tag-misioneros-claretianos","category-574","description-off"],"yoast_head":"<!-- This site is optimized with the Yoast SEO plugin v28.1 - https:\/\/yoast.com\/product\/yoast-seo-wordpress\/ -->\n<title>Leioa acoge el encuentro de claretianos menores de sesenta a\u00f1os de la Provincia - URC<\/title>\n<meta name=\"robots\" content=\"index, follow, max-snippet:-1, max-image-preview:large, max-video-preview:-1\" \/>\n<link rel=\"canonical\" href=\"https:\/\/urc.cat\/es\/leioa-acoge-el-encuentro-de-claretianos-menores-de-sesenta-anos-de-la-provincia\/\" \/>\n<meta property=\"og:locale\" content=\"es_ES\" \/>\n<meta property=\"og:type\" content=\"article\" \/>\n<meta property=\"og:title\" content=\"Leioa acoge el encuentro de claretianos menores de sesenta a\u00f1os de la Provincia - URC\" \/>\n<meta property=\"og:description\" content=\"(Claretianos \u00b7 31\/08\/26)\u00a0Treinta y dos misioneros claretianos de la Provincia de Sanctus Paulus, todos menores de 60 a\u00f1os, se reunieron del 23 al 26 de agosto en\u00a0Atalaia Claret\u00a0(Leioa, Vizcaya) acompa\u00f1ados de los miembros del\u00a0gobierno provincial. Proven\u00edan de las diversas comunidades de Euskal Herr\u00eda, Catalunya, Francia e Italia que conforman nuestra provincia con el objetivo de&hellip;\" \/>\n<meta property=\"og:url\" content=\"https:\/\/urc.cat\/es\/leioa-acoge-el-encuentro-de-claretianos-menores-de-sesenta-anos-de-la-provincia\/\" \/>\n<meta property=\"og:site_name\" content=\"URC\" \/>\n<meta property=\"article:publisher\" content=\"https:\/\/www.facebook.com\/ReligiososCat\/\" \/>\n<meta property=\"article:published_time\" content=\"2026-09-02T08:00:07+00:00\" \/>\n<meta property=\"article:modified_time\" content=\"2026-09-02T08:01:58+00:00\" \/>\n<meta property=\"og:image\" content=\"https:\/\/urc.cat\/wp-content\/uploads\/2026\/09\/Leioa-acull-la-trobada-de-claretians-menors-de-seixanta-anys-de-la-Provincia.jpg\" \/>\n\t<meta property=\"og:image:width\" content=\"1260\" \/>\n\t<meta property=\"og:image:height\" content=\"945\" \/>\n\t<meta property=\"og:image:type\" content=\"image\/jpeg\" \/>\n<meta name=\"author\" content=\"secretaria\" \/>\n<meta name=\"twitter:card\" content=\"summary_large_image\" \/>\n<meta name=\"twitter:creator\" content=\"@ReligiososCat\" \/>\n<meta name=\"twitter:site\" content=\"@ReligiososCat\" \/>\n<meta name=\"twitter:label1\" content=\"Escrito por\" \/>\n\t<meta name=\"twitter:data1\" content=\"secretaria\" \/>\n\t<meta name=\"twitter:label2\" content=\"Tiempo de lectura\" \/>\n\t<meta name=\"twitter:data2\" content=\"4 minutos\" \/>\n<script type=\"application\/ld+json\" class=\"yoast-schema-graph\">{\"@context\":\"https:\\\/\\\/schema.org\",\"@graph\":[{\"@type\":\"Article\",\"@id\":\"https:\\\/\\\/urc.cat\\\/es\\\/leioa-acoge-el-encuentro-de-claretianos-menores-de-sesenta-anos-de-la-provincia\\\/#article\",\"isPartOf\":{\"@id\":\"https:\\\/\\\/urc.cat\\\/es\\\/leioa-acoge-el-encuentro-de-claretianos-menores-de-sesenta-anos-de-la-provincia\\\/\"},\"author\":{\"name\":\"secretaria\",\"@id\":\"https:\\\/\\\/urc.cat\\\/es\\\/#\\\/schema\\\/person\\\/3a09dd906741df1d76350885ff138fac\"},\"headline\":\"Leioa acoge el encuentro de claretianos menores de sesenta a\u00f1os de la Provincia\",\"datePublished\":\"2026-09-02T08:00:07+00:00\",\"dateModified\":\"2026-09-02T08:01:58+00:00\",\"mainEntityOfPage\":{\"@id\":\"https:\\\/\\\/urc.cat\\\/es\\\/leioa-acoge-el-encuentro-de-claretianos-menores-de-sesenta-anos-de-la-provincia\\\/\"},\"wordCount\":796,\"publisher\":{\"@id\":\"https:\\\/\\\/urc.cat\\\/es\\\/#organization\"},\"image\":{\"@id\":\"https:\\\/\\\/urc.cat\\\/es\\\/leioa-acoge-el-encuentro-de-claretianos-menores-de-sesenta-anos-de-la-provincia\\\/#primaryimage\"},\"thumbnailUrl\":\"https:\\\/\\\/urc.cat\\\/wp-content\\\/uploads\\\/2026\\\/09\\\/Leioa-acull-la-trobada-de-claretians-menors-de-seixanta-anys-de-la-Provincia.jpg\",\"keywords\":[\"Misioneros Claretianos\"],\"articleSection\":[\"Noticias\"],\"inLanguage\":\"es\"},{\"@type\":\"WebPage\",\"@id\":\"https:\\\/\\\/urc.cat\\\/es\\\/leioa-acoge-el-encuentro-de-claretianos-menores-de-sesenta-anos-de-la-provincia\\\/\",\"url\":\"https:\\\/\\\/urc.cat\\\/es\\\/leioa-acoge-el-encuentro-de-claretianos-menores-de-sesenta-anos-de-la-provincia\\\/\",\"name\":\"Leioa acoge el encuentro de claretianos menores de sesenta a\u00f1os de la Provincia - URC\",\"isPartOf\":{\"@id\":\"https:\\\/\\\/urc.cat\\\/es\\\/#website\"},\"primaryImageOfPage\":{\"@id\":\"https:\\\/\\\/urc.cat\\\/es\\\/leioa-acoge-el-encuentro-de-claretianos-menores-de-sesenta-anos-de-la-provincia\\\/#primaryimage\"},\"image\":{\"@id\":\"https:\\\/\\\/urc.cat\\\/es\\\/leioa-acoge-el-encuentro-de-claretianos-menores-de-sesenta-anos-de-la-provincia\\\/#primaryimage\"},\"thumbnailUrl\":\"https:\\\/\\\/urc.cat\\\/wp-content\\\/uploads\\\/2026\\\/09\\\/Leioa-acull-la-trobada-de-claretians-menors-de-seixanta-anys-de-la-Provincia.jpg\",\"datePublished\":\"2026-09-02T08:00:07+00:00\",\"dateModified\":\"2026-09-02T08:01:58+00:00\",\"breadcrumb\":{\"@id\":\"https:\\\/\\\/urc.cat\\\/es\\\/leioa-acoge-el-encuentro-de-claretianos-menores-de-sesenta-anos-de-la-provincia\\\/#breadcrumb\"},\"inLanguage\":\"es\",\"potentialAction\":[{\"@type\":\"ReadAction\",\"target\":[\"https:\\\/\\\/urc.cat\\\/es\\\/leioa-acoge-el-encuentro-de-claretianos-menores-de-sesenta-anos-de-la-provincia\\\/\"]}]},{\"@type\":\"ImageObject\",\"inLanguage\":\"es\",\"@id\":\"https:\\\/\\\/urc.cat\\\/es\\\/leioa-acoge-el-encuentro-de-claretianos-menores-de-sesenta-anos-de-la-provincia\\\/#primaryimage\",\"url\":\"https:\\\/\\\/urc.cat\\\/wp-content\\\/uploads\\\/2026\\\/09\\\/Leioa-acull-la-trobada-de-claretians-menors-de-seixanta-anys-de-la-Provincia.jpg\",\"contentUrl\":\"https:\\\/\\\/urc.cat\\\/wp-content\\\/uploads\\\/2026\\\/09\\\/Leioa-acull-la-trobada-de-claretians-menors-de-seixanta-anys-de-la-Provincia.jpg\",\"width\":1260,\"height\":945},{\"@type\":\"BreadcrumbList\",\"@id\":\"https:\\\/\\\/urc.cat\\\/es\\\/leioa-acoge-el-encuentro-de-claretianos-menores-de-sesenta-anos-de-la-provincia\\\/#breadcrumb\",\"itemListElement\":[{\"@type\":\"ListItem\",\"position\":1,\"name\":\"Inici\",\"item\":\"https:\\\/\\\/urc.cat\\\/es\\\/\"},{\"@type\":\"ListItem\",\"position\":2,\"name\":\"Leioa acoge el encuentro de claretianos menores de sesenta a\u00f1os de la Provincia\"}]},{\"@type\":\"WebSite\",\"@id\":\"https:\\\/\\\/urc.cat\\\/es\\\/#website\",\"url\":\"https:\\\/\\\/urc.cat\\\/es\\\/\",\"name\":\"URC\",\"description\":\"Uni\u00f3 de Religiosos de Catalunya\",\"publisher\":{\"@id\":\"https:\\\/\\\/urc.cat\\\/es\\\/#organization\"},\"potentialAction\":[{\"@type\":\"SearchAction\",\"target\":{\"@type\":\"EntryPoint\",\"urlTemplate\":\"https:\\\/\\\/urc.cat\\\/es\\\/?s={search_term_string}\"},\"query-input\":{\"@type\":\"PropertyValueSpecification\",\"valueRequired\":true,\"valueName\":\"search_term_string\"}}],\"inLanguage\":\"es\"},{\"@type\":\"Organization\",\"@id\":\"https:\\\/\\\/urc.cat\\\/es\\\/#organization\",\"name\":\"Uni\u00f3 de Religiosos de Catalunya URC\",\"url\":\"https:\\\/\\\/urc.cat\\\/es\\\/\",\"logo\":{\"@type\":\"ImageObject\",\"inLanguage\":\"es\",\"@id\":\"https:\\\/\\\/urc.cat\\\/es\\\/#\\\/schema\\\/logo\\\/image\\\/\",\"url\":\"https:\\\/\\\/urc.cat\\\/wp-content\\\/uploads\\\/2020\\\/12\\\/URC-logo-color-1-scaled.jpg\",\"contentUrl\":\"https:\\\/\\\/urc.cat\\\/wp-content\\\/uploads\\\/2020\\\/12\\\/URC-logo-color-1-scaled.jpg\",\"width\":2560,\"height\":943,\"caption\":\"Uni\u00f3 de Religiosos de Catalunya URC\"},\"image\":{\"@id\":\"https:\\\/\\\/urc.cat\\\/es\\\/#\\\/schema\\\/logo\\\/image\\\/\"},\"sameAs\":[\"https:\\\/\\\/www.facebook.com\\\/ReligiososCat\\\/\",\"https:\\\/\\\/x.com\\\/ReligiososCat\",\"https:\\\/\\\/www.instagram.com\\\/religiosos_cat\\\/\",\"https:\\\/\\\/www.youtube.com\\\/channel\\\/UCz9DuGlswqHtI3FWnWQ3R0w\"]},{\"@type\":\"Person\",\"@id\":\"https:\\\/\\\/urc.cat\\\/es\\\/#\\\/schema\\\/person\\\/3a09dd906741df1d76350885ff138fac\",\"name\":\"secretaria\",\"image\":{\"@type\":\"ImageObject\",\"inLanguage\":\"es\",\"@id\":\"https:\\\/\\\/secure.gravatar.com\\\/avatar\\\/71dacc528a3c840ef89d4e84f0341fd7216db4159c9d41173b107b08fb0f5c7a?s=96&d=mm&r=g\",\"url\":\"https:\\\/\\\/secure.gravatar.com\\\/avatar\\\/71dacc528a3c840ef89d4e84f0341fd7216db4159c9d41173b107b08fb0f5c7a?s=96&d=mm&r=g\",\"contentUrl\":\"https:\\\/\\\/secure.gravatar.com\\\/avatar\\\/71dacc528a3c840ef89d4e84f0341fd7216db4159c9d41173b107b08fb0f5c7a?s=96&d=mm&r=g\",\"caption\":\"secretaria\"},\"url\":\"https:\\\/\\\/urc.cat\\\/es\\\/author\\\/secretaria\\\/\"}]}<\/script>\n<!-- \/ Yoast SEO plugin. -->","yoast_head_json":{"title":"Leioa acoge el encuentro de claretianos menores de sesenta a\u00f1os de la Provincia - URC","robots":{"index":"index","follow":"follow","max-snippet":"max-snippet:-1","max-image-preview":"max-image-preview:large","max-video-preview":"max-video-preview:-1"},"canonical":"https:\/\/urc.cat\/es\/leioa-acoge-el-encuentro-de-claretianos-menores-de-sesenta-anos-de-la-provincia\/","og_locale":"es_ES","og_type":"article","og_title":"Leioa acoge el encuentro de claretianos menores de sesenta a\u00f1os de la Provincia - URC","og_description":"(Claretianos \u00b7 31\/08\/26)\u00a0Treinta y dos misioneros claretianos de la Provincia de Sanctus Paulus, todos menores de 60 a\u00f1os, se reunieron del 23 al 26 de agosto en\u00a0Atalaia Claret\u00a0(Leioa, Vizcaya) acompa\u00f1ados de los miembros del\u00a0gobierno provincial. Proven\u00edan de las diversas comunidades de Euskal Herr\u00eda, Catalunya, Francia e Italia que conforman nuestra provincia con el objetivo de&hellip;","og_url":"https:\/\/urc.cat\/es\/leioa-acoge-el-encuentro-de-claretianos-menores-de-sesenta-anos-de-la-provincia\/","og_site_name":"URC","article_publisher":"https:\/\/www.facebook.com\/ReligiososCat\/","article_published_time":"2026-09-02T08:00:07+00:00","article_modified_time":"2026-09-02T08:01:58+00:00","og_image":[{"width":1260,"height":945,"url":"https:\/\/urc.cat\/wp-content\/uploads\/2026\/09\/Leioa-acull-la-trobada-de-claretians-menors-de-seixanta-anys-de-la-Provincia.jpg","type":"image\/jpeg"}],"author":"secretaria","twitter_card":"summary_large_image","twitter_creator":"@ReligiososCat","twitter_site":"@ReligiososCat","twitter_misc":{"Escrito por":"secretaria","Tiempo de lectura":"4 minutos"},"schema":{"@context":"https:\/\/schema.org","@graph":[{"@type":"Article","@id":"https:\/\/urc.cat\/es\/leioa-acoge-el-encuentro-de-claretianos-menores-de-sesenta-anos-de-la-provincia\/#article","isPartOf":{"@id":"https:\/\/urc.cat\/es\/leioa-acoge-el-encuentro-de-claretianos-menores-de-sesenta-anos-de-la-provincia\/"},"author":{"name":"secretaria","@id":"https:\/\/urc.cat\/es\/#\/schema\/person\/3a09dd906741df1d76350885ff138fac"},"headline":"Leioa acoge el encuentro de claretianos menores de sesenta a\u00f1os de la Provincia","datePublished":"2026-09-02T08:00:07+00:00","dateModified":"2026-09-02T08:01:58+00:00","mainEntityOfPage":{"@id":"https:\/\/urc.cat\/es\/leioa-acoge-el-encuentro-de-claretianos-menores-de-sesenta-anos-de-la-provincia\/"},"wordCount":796,"publisher":{"@id":"https:\/\/urc.cat\/es\/#organization"},"image":{"@id":"https:\/\/urc.cat\/es\/leioa-acoge-el-encuentro-de-claretianos-menores-de-sesenta-anos-de-la-provincia\/#primaryimage"},"thumbnailUrl":"https:\/\/urc.cat\/wp-content\/uploads\/2026\/09\/Leioa-acull-la-trobada-de-claretians-menors-de-seixanta-anys-de-la-Provincia.jpg","keywords":["Misioneros Claretianos"],"articleSection":["Noticias"],"inLanguage":"es"},{"@type":"WebPage","@id":"https:\/\/urc.cat\/es\/leioa-acoge-el-encuentro-de-claretianos-menores-de-sesenta-anos-de-la-provincia\/","url":"https:\/\/urc.cat\/es\/leioa-acoge-el-encuentro-de-claretianos-menores-de-sesenta-anos-de-la-provincia\/","name":"Leioa acoge el encuentro de claretianos menores de sesenta a\u00f1os de la Provincia - URC","isPartOf":{"@id":"https:\/\/urc.cat\/es\/#website"},"primaryImageOfPage":{"@id":"https:\/\/urc.cat\/es\/leioa-acoge-el-encuentro-de-claretianos-menores-de-sesenta-anos-de-la-provincia\/#primaryimage"},"image":{"@id":"https:\/\/urc.cat\/es\/leioa-acoge-el-encuentro-de-claretianos-menores-de-sesenta-anos-de-la-provincia\/#primaryimage"},"thumbnailUrl":"https:\/\/urc.cat\/wp-content\/uploads\/2026\/09\/Leioa-acull-la-trobada-de-claretians-menors-de-seixanta-anys-de-la-Provincia.jpg","datePublished":"2026-09-02T08:00:07+00:00","dateModified":"2026-09-02T08:01:58+00:00","breadcrumb":{"@id":"https:\/\/urc.cat\/es\/leioa-acoge-el-encuentro-de-claretianos-menores-de-sesenta-anos-de-la-provincia\/#breadcrumb"},"inLanguage":"es","potentialAction":[{"@type":"ReadAction","target":["https:\/\/urc.cat\/es\/leioa-acoge-el-encuentro-de-claretianos-menores-de-sesenta-anos-de-la-provincia\/"]}]},{"@type":"ImageObject","inLanguage":"es","@id":"https:\/\/urc.cat\/es\/leioa-acoge-el-encuentro-de-claretianos-menores-de-sesenta-anos-de-la-provincia\/#primaryimage","url":"https:\/\/urc.cat\/wp-content\/uploads\/2026\/09\/Leioa-acull-la-trobada-de-claretians-menors-de-seixanta-anys-de-la-Provincia.jpg","contentUrl":"https:\/\/urc.cat\/wp-content\/uploads\/2026\/09\/Leioa-acull-la-trobada-de-claretians-menors-de-seixanta-anys-de-la-Provincia.jpg","width":1260,"height":945},{"@type":"BreadcrumbList","@id":"https:\/\/urc.cat\/es\/leioa-acoge-el-encuentro-de-claretianos-menores-de-sesenta-anos-de-la-provincia\/#breadcrumb","itemListElement":[{"@type":"ListItem","position":1,"name":"Inici","item":"https:\/\/urc.cat\/es\/"},{"@type":"ListItem","position":2,"name":"Leioa acoge el encuentro de claretianos menores de sesenta a\u00f1os de la Provincia"}]},{"@type":"WebSite","@id":"https:\/\/urc.cat\/es\/#website","url":"https:\/\/urc.cat\/es\/","name":"URC","description":"Uni\u00f3 de Religiosos de Catalunya","publisher":{"@id":"https:\/\/urc.cat\/es\/#organization"},"potentialAction":[{"@type":"SearchAction","target":{"@type":"EntryPoint","urlTemplate":"https:\/\/urc.cat\/es\/?s={search_term_string}"},"query-input":{"@type":"PropertyValueSpecification","valueRequired":true,"valueName":"search_term_string"}}],"inLanguage":"es"},{"@type":"Organization","@id":"https:\/\/urc.cat\/es\/#organization","name":"Uni\u00f3 de Religiosos de Catalunya URC","url":"https:\/\/urc.cat\/es\/","logo":{"@type":"ImageObject","inLanguage":"es","@id":"https:\/\/urc.cat\/es\/#\/schema\/logo\/image\/","url":"https:\/\/urc.cat\/wp-content\/uploads\/2020\/12\/URC-logo-color-1-scaled.jpg","contentUrl":"https:\/\/urc.cat\/wp-content\/uploads\/2020\/12\/URC-logo-color-1-scaled.jpg","width":2560,"height":943,"caption":"Uni\u00f3 de Religiosos de Catalunya URC"},"image":{"@id":"https:\/\/urc.cat\/es\/#\/schema\/logo\/image\/"},"sameAs":["https:\/\/www.facebook.com\/ReligiososCat\/","https:\/\/x.com\/ReligiososCat","https:\/\/www.instagram.com\/religiosos_cat\/","https:\/\/www.youtube.com\/channel\/UCz9DuGlswqHtI3FWnWQ3R0w"]},{"@type":"Person","@id":"https:\/\/urc.cat\/es\/#\/schema\/person\/3a09dd906741df1d76350885ff138fac","name":"secretaria","image":{"@type":"ImageObject","inLanguage":"es","@id":"https:\/\/secure.gravatar.com\/avatar\/71dacc528a3c840ef89d4e84f0341fd7216db4159c9d41173b107b08fb0f5c7a?s=96&d=mm&r=g","url":"https:\/\/secure.gravatar.com\/avatar\/71dacc528a3c840ef89d4e84f0341fd7216db4159c9d41173b107b08fb0f5c7a?s=96&d=mm&r=g","contentUrl":"https:\/\/secure.gravatar.com\/avatar\/71dacc528a3c840ef89d4e84f0341fd7216db4159c9d41173b107b08fb0f5c7a?s=96&d=mm&r=g","caption":"secretaria"},"url":"https:\/\/urc.cat\/es\/author\/secretaria\/"}]}},"_links":{"self":[{"href":"https:\/\/urc.cat\/es\/wp-json\/wp\/v2\/posts\/53862","targetHints":{"allow":["GET"]}}],"collection":[{"href":"https:\/\/urc.cat\/es\/wp-json\/wp\/v2\/posts"}],"about":[{"href":"https:\/\/urc.cat\/es\/wp-json\/wp\/v2\/types\/post"}],"author":[{"embeddable":true,"href":"https:\/\/urc.cat\/es\/wp-json\/wp\/v2\/users\/4"}],"replies":[{"embeddable":true,"href":"https:\/\/urc.cat\/es\/wp-json\/wp\/v2\/comments?post=53862"}],"version-history":[{"count":1,"href":"https:\/\/urc.cat\/es\/wp-json\/wp\/v2\/posts\/53862\/revisions"}],"predecessor-version":[{"id":53863,"href":"https:\/\/urc.cat\/es\/wp-json\/wp\/v2\/posts\/53862\/revisions\/53863"}],"wp:featuredmedia":[{"embeddable":true,"href":"https:\/\/urc.cat\/es\/wp-json\/wp\/v2\/media\/53860"}],"wp:attachment":[{"href":"https:\/\/urc.cat\/es\/wp-json\/wp\/v2\/media?parent=53862"}],"wp:term":[{"taxonomy":"category","embeddable":true,"href":"https:\/\/urc.cat\/es\/wp-json\/wp\/v2\/categories?post=53862"},{"taxonomy":"post_tag","embeddable":true,"href":"https:\/\/urc.cat\/es\/wp-json\/wp\/v2\/tags?post=53862"}],"curies":[{"name":"wp","href":"https:\/\/api.w.org\/{rel}","templated":true}]}}