{"id":53840,"date":"2026-09-01T12:41:49","date_gmt":"2026-09-01T10:41:49","guid":{"rendered":"https:\/\/urc.cat\/?p=53840"},"modified":"2026-09-01T12:44:16","modified_gmt":"2026-09-01T10:44:16","slug":"unidad-en-la-fiesta-de-santa-teresa-jornet-en-el-hogar-de-san-jose","status":"publish","type":"post","link":"https:\/\/urc.cat\/es\/unidad-en-la-fiesta-de-santa-teresa-jornet-en-el-hogar-de-san-jose\/","title":{"rendered":"Unidad en la fiesta de santa Teresa Jornet en el Hogar de San Jos\u00e9"},"content":{"rendered":"<p style=\"text-align: justify;\">(<em><a class=\"wpel-icon-right\" href=\"https:\/\/bisbaturgell.org\/\" target=\"_blank\" rel=\"external noopener noreferrer\" data-wpel-link=\"external\">O. de Urgell<span class=\"wpel-icon wpel-image wpel-icon-13\"><\/span><\/a>\u00a0 \u00b7 Patricia Navas \u00b7 27\/08\/26<\/em>)\u00a0Fiesta grande el 26 de agosto de 2026 en el Hogar de San Jos\u00e9 para honrar a santa Teresa de Jes\u00fas Jornet e Ivars, fundadora de la congregaci\u00f3n que anima esta casa de La Seu d\u2019Urgell donde viven cerca de un centenar de personas mayores.<\/p>\n<p style=\"text-align: justify;\" data-start=\"490\" data-end=\"785\">La unidad, que hace la fuerza, fue la nota destacada de la jornada para uno de los residentes, moss\u00e8n Evarist Vigat\u00e0. \u201c\u00a1Qu\u00e9 d\u00eda tan bonito!\u201d, exclamaba Isabel Rosas, que vive en la casa desde hace casi dos a\u00f1os. Una de las cinco religiosas de la comunidad agradec\u00eda todo aquello que se pudo compartir.<\/p>\n<p style=\"text-align: justify;\" data-start=\"787\" data-end=\"1256\">Banderas en el jard\u00edn y adornos en la casa indicaban desde primera hora de la ma\u00f1ana que este mi\u00e9rcoles ser\u00eda un d\u00eda especial. De hecho, las hermanitas, residentes, trabajadores, familias y voluntarios llevaban d\u00edas ultimando los preparativos de la fiesta, rezando y trabajando para que todo saliera bien. Efectivamente, las visitas, actividades y un mont\u00f3n de detalles contribuyeron a una celebraci\u00f3n memorable.<\/p>\n<p style=\"text-align: justify;\" data-start=\"1258\" data-end=\"1647\">Despu\u00e9s de un desayuno excepcional con chocolate caliente y bizcocho, abuelos y abuelas, trabajadores y todas las personas que forman la gran familia de la Llar de Sant Josep llenaron por completo la capilla de la casa para una misa solemne, presidida por el obispo de Urgell, Mons. Josep-Llu\u00eds Serrano, y concelebrada por el rector de la parroquia de St. Ot, Mn. Ignasi Navarri, y otros presb\u00edteros.<\/p>\n<p style=\"text-align: justify;\" data-start=\"1649\" data-end=\"1816\">En la homil\u00eda, el obispo Serrano invit\u00f3 a vivir la obediencia, la caridad y la paciencia transmitidas por santa Teresa Jornet, cada uno seg\u00fan sus circunstancias. Y destac\u00f3 la belleza de \u201ccuidar los cuerpos para dar la vida eterna\u201d y la importancia de la \u201cperspectiva trascendente\u201d m\u00e1s all\u00e1 de los intereses materiales. Un grupo de cantores de la Llar, vestidos con un uniforme especial para la celebraci\u00f3n y acompa\u00f1ados por la organista Sor Justina Mu\u00f1oz, puso m\u00fasica a la Misa desde el coro de la capilla.<\/p>\n<p style=\"text-align: justify;\" data-start=\"1649\" data-end=\"1816\">A distancia, acompa\u00f1aron espiritualmente la celebraci\u00f3n la superiora de la comunidad de las Hermanitas de los Ancianos Desamparados de La Seu d\u2019Urgell, la Madre Mar\u00eda Luisa, que disfruta de unos d\u00edas de vacaciones, y el capell\u00e1n de la Llar de Sant Josep, Mn. David Codina, que se encuentra realizando ejercicios espirituales para preparar su nueva misi\u00f3n como rector de Escaldes-Engordany.<\/p>\n<p style=\"text-align: justify;\" data-start=\"2541\" data-end=\"2730\">Despu\u00e9s de la Eucarist\u00eda, los cantos acompa\u00f1aron las actividades de la ma\u00f1ana. Al mediod\u00eda, los hombres y las mujeres se reunieron excepcionalmente en el mismo comedor para compartir un almuerzo festivo.<\/p>\n<p style=\"text-align: justify;\" data-start=\"2732\" data-end=\"2875\">El descanso y la oraci\u00f3n de la tarde precedieron una merienda en el jard\u00edn de la casa con juegos, bailes y cantos acompa\u00f1ados por dos acordeonistas.<\/p>\n<p style=\"text-align: justify;\" data-start=\"2877\" data-end=\"3065\">A petici\u00f3n de los residentes, la cena volvi\u00f3 a ser compartida por los hombres y las mujeres, y cont\u00f3 con una sorpresa de la Madre Mar\u00eda Luisa: una empanada de su tierra de origen, Galicia.<\/p>\n<p style=\"text-align: justify;\" data-start=\"3067\" data-end=\"3271\">Las animadas conversaciones y el ambiente alegre cerraron un d\u00eda intenso en el que el cansancio y el dolor se iluminaron con el agradecimiento conjunto a santa Teresa Jornet por su inspiradora entrega a los ancianos.<\/p>\n","protected":false},"excerpt":{"rendered":"<p>(O. de Urgell\u00a0 \u00b7 Patricia Navas \u00b7 27\/08\/26)\u00a0Fiesta grande el 26 de agosto de 2026 en el Hogar de San Jos\u00e9 para honrar a santa Teresa de Jes\u00fas Jornet e Ivars, fundadora de la congregaci\u00f3n que anima esta casa de La Seu d\u2019Urgell donde viven cerca de un centenar de personas mayores. La unidad, que&hellip;<\/p>\n","protected":false},"author":4,"featured_media":53838,"comment_status":"closed","ping_status":"closed","sticky":false,"template":"","format":"standard","meta":{"_members_access_role":[],"_members_access_error":""},"categories":[574],"tags":[4883],"class_list":["post-53840","post","type-post","status-publish","format-standard","has-post-thumbnail","hentry","category-noticias","tag-santa-teresa-jornet-es","category-574","description-off"],"yoast_head":"<!-- This site is optimized with the Yoast SEO plugin v28.1 - https:\/\/yoast.com\/product\/yoast-seo-wordpress\/ -->\n<title>Unidad en la fiesta de santa Teresa Jornet en el Hogar de San Jos\u00e9 - URC<\/title>\n<meta name=\"robots\" content=\"index, follow, max-snippet:-1, max-image-preview:large, max-video-preview:-1\" \/>\n<link rel=\"canonical\" href=\"https:\/\/urc.cat\/es\/unidad-en-la-fiesta-de-santa-teresa-jornet-en-el-hogar-de-san-jose\/\" \/>\n<meta property=\"og:locale\" content=\"es_ES\" \/>\n<meta property=\"og:type\" content=\"article\" \/>\n<meta property=\"og:title\" content=\"Unidad en la fiesta de santa Teresa Jornet en el Hogar de San Jos\u00e9 - URC\" \/>\n<meta property=\"og:description\" content=\"(O. de Urgell\u00a0 \u00b7 Patricia Navas \u00b7 27\/08\/26)\u00a0Fiesta grande el 26 de agosto de 2026 en el Hogar de San Jos\u00e9 para honrar a santa Teresa de Jes\u00fas Jornet e Ivars, fundadora de la congregaci\u00f3n que anima esta casa de La Seu d\u2019Urgell donde viven cerca de un centenar de personas mayores. La unidad, que&hellip;\" \/>\n<meta property=\"og:url\" content=\"https:\/\/urc.cat\/es\/unidad-en-la-fiesta-de-santa-teresa-jornet-en-el-hogar-de-san-jose\/\" \/>\n<meta property=\"og:site_name\" content=\"URC\" \/>\n<meta property=\"article:publisher\" content=\"https:\/\/www.facebook.com\/ReligiososCat\/\" \/>\n<meta property=\"article:published_time\" content=\"2026-09-01T10:41:49+00:00\" \/>\n<meta property=\"article:modified_time\" content=\"2026-09-01T10:44:16+00:00\" \/>\n<meta property=\"og:image\" content=\"https:\/\/urc.cat\/wp-content\/uploads\/2026\/09\/Unitat-en-la-festa-de-santa-Teresa-Jornet-a-la-Llar-de-Sant-Josep.jpeg\" \/>\n\t<meta property=\"og:image:width\" content=\"2048\" \/>\n\t<meta property=\"og:image:height\" content=\"1536\" \/>\n\t<meta property=\"og:image:type\" content=\"image\/jpeg\" \/>\n<meta name=\"author\" content=\"secretaria\" \/>\n<meta name=\"twitter:card\" content=\"summary_large_image\" \/>\n<meta name=\"twitter:creator\" content=\"@ReligiososCat\" \/>\n<meta name=\"twitter:site\" content=\"@ReligiososCat\" \/>\n<meta name=\"twitter:label1\" content=\"Escrito por\" \/>\n\t<meta name=\"twitter:data1\" content=\"secretaria\" \/>\n\t<meta name=\"twitter:label2\" content=\"Tiempo de lectura\" \/>\n\t<meta name=\"twitter:data2\" content=\"3 minutos\" \/>\n<script type=\"application\/ld+json\" class=\"yoast-schema-graph\">{\"@context\":\"https:\\\/\\\/schema.org\",\"@graph\":[{\"@type\":\"Article\",\"@id\":\"https:\\\/\\\/urc.cat\\\/es\\\/unidad-en-la-fiesta-de-santa-teresa-jornet-en-el-hogar-de-san-jose\\\/#article\",\"isPartOf\":{\"@id\":\"https:\\\/\\\/urc.cat\\\/es\\\/unidad-en-la-fiesta-de-santa-teresa-jornet-en-el-hogar-de-san-jose\\\/\"},\"author\":{\"name\":\"secretaria\",\"@id\":\"https:\\\/\\\/urc.cat\\\/es\\\/#\\\/schema\\\/person\\\/3a09dd906741df1d76350885ff138fac\"},\"headline\":\"Unidad en la fiesta de santa Teresa Jornet en el Hogar de San Jos\u00e9\",\"datePublished\":\"2026-09-01T10:41:49+00:00\",\"dateModified\":\"2026-09-01T10:44:16+00:00\",\"mainEntityOfPage\":{\"@id\":\"https:\\\/\\\/urc.cat\\\/es\\\/unidad-en-la-fiesta-de-santa-teresa-jornet-en-el-hogar-de-san-jose\\\/\"},\"wordCount\":561,\"publisher\":{\"@id\":\"https:\\\/\\\/urc.cat\\\/es\\\/#organization\"},\"image\":{\"@id\":\"https:\\\/\\\/urc.cat\\\/es\\\/unidad-en-la-fiesta-de-santa-teresa-jornet-en-el-hogar-de-san-jose\\\/#primaryimage\"},\"thumbnailUrl\":\"https:\\\/\\\/urc.cat\\\/wp-content\\\/uploads\\\/2026\\\/09\\\/Unitat-en-la-festa-de-santa-Teresa-Jornet-a-la-Llar-de-Sant-Josep.jpeg\",\"keywords\":[\"Santa Teresa Jornet\"],\"articleSection\":[\"Noticias\"],\"inLanguage\":\"es\"},{\"@type\":\"WebPage\",\"@id\":\"https:\\\/\\\/urc.cat\\\/es\\\/unidad-en-la-fiesta-de-santa-teresa-jornet-en-el-hogar-de-san-jose\\\/\",\"url\":\"https:\\\/\\\/urc.cat\\\/es\\\/unidad-en-la-fiesta-de-santa-teresa-jornet-en-el-hogar-de-san-jose\\\/\",\"name\":\"Unidad en la fiesta de santa Teresa Jornet en el Hogar de San Jos\u00e9 - URC\",\"isPartOf\":{\"@id\":\"https:\\\/\\\/urc.cat\\\/es\\\/#website\"},\"primaryImageOfPage\":{\"@id\":\"https:\\\/\\\/urc.cat\\\/es\\\/unidad-en-la-fiesta-de-santa-teresa-jornet-en-el-hogar-de-san-jose\\\/#primaryimage\"},\"image\":{\"@id\":\"https:\\\/\\\/urc.cat\\\/es\\\/unidad-en-la-fiesta-de-santa-teresa-jornet-en-el-hogar-de-san-jose\\\/#primaryimage\"},\"thumbnailUrl\":\"https:\\\/\\\/urc.cat\\\/wp-content\\\/uploads\\\/2026\\\/09\\\/Unitat-en-la-festa-de-santa-Teresa-Jornet-a-la-Llar-de-Sant-Josep.jpeg\",\"datePublished\":\"2026-09-01T10:41:49+00:00\",\"dateModified\":\"2026-09-01T10:44:16+00:00\",\"breadcrumb\":{\"@id\":\"https:\\\/\\\/urc.cat\\\/es\\\/unidad-en-la-fiesta-de-santa-teresa-jornet-en-el-hogar-de-san-jose\\\/#breadcrumb\"},\"inLanguage\":\"es\",\"potentialAction\":[{\"@type\":\"ReadAction\",\"target\":[\"https:\\\/\\\/urc.cat\\\/es\\\/unidad-en-la-fiesta-de-santa-teresa-jornet-en-el-hogar-de-san-jose\\\/\"]}]},{\"@type\":\"ImageObject\",\"inLanguage\":\"es\",\"@id\":\"https:\\\/\\\/urc.cat\\\/es\\\/unidad-en-la-fiesta-de-santa-teresa-jornet-en-el-hogar-de-san-jose\\\/#primaryimage\",\"url\":\"https:\\\/\\\/urc.cat\\\/wp-content\\\/uploads\\\/2026\\\/09\\\/Unitat-en-la-festa-de-santa-Teresa-Jornet-a-la-Llar-de-Sant-Josep.jpeg\",\"contentUrl\":\"https:\\\/\\\/urc.cat\\\/wp-content\\\/uploads\\\/2026\\\/09\\\/Unitat-en-la-festa-de-santa-Teresa-Jornet-a-la-Llar-de-Sant-Josep.jpeg\",\"width\":2048,\"height\":1536},{\"@type\":\"BreadcrumbList\",\"@id\":\"https:\\\/\\\/urc.cat\\\/es\\\/unidad-en-la-fiesta-de-santa-teresa-jornet-en-el-hogar-de-san-jose\\\/#breadcrumb\",\"itemListElement\":[{\"@type\":\"ListItem\",\"position\":1,\"name\":\"Inici\",\"item\":\"https:\\\/\\\/urc.cat\\\/es\\\/\"},{\"@type\":\"ListItem\",\"position\":2,\"name\":\"Unidad en la fiesta de santa Teresa Jornet en el Hogar de San Jos\u00e9\"}]},{\"@type\":\"WebSite\",\"@id\":\"https:\\\/\\\/urc.cat\\\/es\\\/#website\",\"url\":\"https:\\\/\\\/urc.cat\\\/es\\\/\",\"name\":\"URC\",\"description\":\"Uni\u00f3 de Religiosos de Catalunya\",\"publisher\":{\"@id\":\"https:\\\/\\\/urc.cat\\\/es\\\/#organization\"},\"potentialAction\":[{\"@type\":\"SearchAction\",\"target\":{\"@type\":\"EntryPoint\",\"urlTemplate\":\"https:\\\/\\\/urc.cat\\\/es\\\/?s={search_term_string}\"},\"query-input\":{\"@type\":\"PropertyValueSpecification\",\"valueRequired\":true,\"valueName\":\"search_term_string\"}}],\"inLanguage\":\"es\"},{\"@type\":\"Organization\",\"@id\":\"https:\\\/\\\/urc.cat\\\/es\\\/#organization\",\"name\":\"Uni\u00f3 de Religiosos de Catalunya URC\",\"url\":\"https:\\\/\\\/urc.cat\\\/es\\\/\",\"logo\":{\"@type\":\"ImageObject\",\"inLanguage\":\"es\",\"@id\":\"https:\\\/\\\/urc.cat\\\/es\\\/#\\\/schema\\\/logo\\\/image\\\/\",\"url\":\"https:\\\/\\\/urc.cat\\\/wp-content\\\/uploads\\\/2020\\\/12\\\/URC-logo-color-1-scaled.jpg\",\"contentUrl\":\"https:\\\/\\\/urc.cat\\\/wp-content\\\/uploads\\\/2020\\\/12\\\/URC-logo-color-1-scaled.jpg\",\"width\":2560,\"height\":943,\"caption\":\"Uni\u00f3 de Religiosos de Catalunya URC\"},\"image\":{\"@id\":\"https:\\\/\\\/urc.cat\\\/es\\\/#\\\/schema\\\/logo\\\/image\\\/\"},\"sameAs\":[\"https:\\\/\\\/www.facebook.com\\\/ReligiososCat\\\/\",\"https:\\\/\\\/x.com\\\/ReligiososCat\",\"https:\\\/\\\/www.instagram.com\\\/religiosos_cat\\\/\",\"https:\\\/\\\/www.youtube.com\\\/channel\\\/UCz9DuGlswqHtI3FWnWQ3R0w\"]},{\"@type\":\"Person\",\"@id\":\"https:\\\/\\\/urc.cat\\\/es\\\/#\\\/schema\\\/person\\\/3a09dd906741df1d76350885ff138fac\",\"name\":\"secretaria\",\"image\":{\"@type\":\"ImageObject\",\"inLanguage\":\"es\",\"@id\":\"https:\\\/\\\/secure.gravatar.com\\\/avatar\\\/71dacc528a3c840ef89d4e84f0341fd7216db4159c9d41173b107b08fb0f5c7a?s=96&d=mm&r=g\",\"url\":\"https:\\\/\\\/secure.gravatar.com\\\/avatar\\\/71dacc528a3c840ef89d4e84f0341fd7216db4159c9d41173b107b08fb0f5c7a?s=96&d=mm&r=g\",\"contentUrl\":\"https:\\\/\\\/secure.gravatar.com\\\/avatar\\\/71dacc528a3c840ef89d4e84f0341fd7216db4159c9d41173b107b08fb0f5c7a?s=96&d=mm&r=g\",\"caption\":\"secretaria\"},\"url\":\"https:\\\/\\\/urc.cat\\\/es\\\/author\\\/secretaria\\\/\"}]}<\/script>\n<!-- \/ Yoast SEO plugin. -->","yoast_head_json":{"title":"Unidad en la fiesta de santa Teresa Jornet en el Hogar de San Jos\u00e9 - URC","robots":{"index":"index","follow":"follow","max-snippet":"max-snippet:-1","max-image-preview":"max-image-preview:large","max-video-preview":"max-video-preview:-1"},"canonical":"https:\/\/urc.cat\/es\/unidad-en-la-fiesta-de-santa-teresa-jornet-en-el-hogar-de-san-jose\/","og_locale":"es_ES","og_type":"article","og_title":"Unidad en la fiesta de santa Teresa Jornet en el Hogar de San Jos\u00e9 - URC","og_description":"(O. de Urgell\u00a0 \u00b7 Patricia Navas \u00b7 27\/08\/26)\u00a0Fiesta grande el 26 de agosto de 2026 en el Hogar de San Jos\u00e9 para honrar a santa Teresa de Jes\u00fas Jornet e Ivars, fundadora de la congregaci\u00f3n que anima esta casa de La Seu d\u2019Urgell donde viven cerca de un centenar de personas mayores. La unidad, que&hellip;","og_url":"https:\/\/urc.cat\/es\/unidad-en-la-fiesta-de-santa-teresa-jornet-en-el-hogar-de-san-jose\/","og_site_name":"URC","article_publisher":"https:\/\/www.facebook.com\/ReligiososCat\/","article_published_time":"2026-09-01T10:41:49+00:00","article_modified_time":"2026-09-01T10:44:16+00:00","og_image":[{"width":2048,"height":1536,"url":"https:\/\/urc.cat\/wp-content\/uploads\/2026\/09\/Unitat-en-la-festa-de-santa-Teresa-Jornet-a-la-Llar-de-Sant-Josep.jpeg","type":"image\/jpeg"}],"author":"secretaria","twitter_card":"summary_large_image","twitter_creator":"@ReligiososCat","twitter_site":"@ReligiososCat","twitter_misc":{"Escrito por":"secretaria","Tiempo de lectura":"3 minutos"},"schema":{"@context":"https:\/\/schema.org","@graph":[{"@type":"Article","@id":"https:\/\/urc.cat\/es\/unidad-en-la-fiesta-de-santa-teresa-jornet-en-el-hogar-de-san-jose\/#article","isPartOf":{"@id":"https:\/\/urc.cat\/es\/unidad-en-la-fiesta-de-santa-teresa-jornet-en-el-hogar-de-san-jose\/"},"author":{"name":"secretaria","@id":"https:\/\/urc.cat\/es\/#\/schema\/person\/3a09dd906741df1d76350885ff138fac"},"headline":"Unidad en la fiesta de santa Teresa Jornet en el Hogar de San Jos\u00e9","datePublished":"2026-09-01T10:41:49+00:00","dateModified":"2026-09-01T10:44:16+00:00","mainEntityOfPage":{"@id":"https:\/\/urc.cat\/es\/unidad-en-la-fiesta-de-santa-teresa-jornet-en-el-hogar-de-san-jose\/"},"wordCount":561,"publisher":{"@id":"https:\/\/urc.cat\/es\/#organization"},"image":{"@id":"https:\/\/urc.cat\/es\/unidad-en-la-fiesta-de-santa-teresa-jornet-en-el-hogar-de-san-jose\/#primaryimage"},"thumbnailUrl":"https:\/\/urc.cat\/wp-content\/uploads\/2026\/09\/Unitat-en-la-festa-de-santa-Teresa-Jornet-a-la-Llar-de-Sant-Josep.jpeg","keywords":["Santa Teresa Jornet"],"articleSection":["Noticias"],"inLanguage":"es"},{"@type":"WebPage","@id":"https:\/\/urc.cat\/es\/unidad-en-la-fiesta-de-santa-teresa-jornet-en-el-hogar-de-san-jose\/","url":"https:\/\/urc.cat\/es\/unidad-en-la-fiesta-de-santa-teresa-jornet-en-el-hogar-de-san-jose\/","name":"Unidad en la fiesta de santa Teresa Jornet en el Hogar de San Jos\u00e9 - URC","isPartOf":{"@id":"https:\/\/urc.cat\/es\/#website"},"primaryImageOfPage":{"@id":"https:\/\/urc.cat\/es\/unidad-en-la-fiesta-de-santa-teresa-jornet-en-el-hogar-de-san-jose\/#primaryimage"},"image":{"@id":"https:\/\/urc.cat\/es\/unidad-en-la-fiesta-de-santa-teresa-jornet-en-el-hogar-de-san-jose\/#primaryimage"},"thumbnailUrl":"https:\/\/urc.cat\/wp-content\/uploads\/2026\/09\/Unitat-en-la-festa-de-santa-Teresa-Jornet-a-la-Llar-de-Sant-Josep.jpeg","datePublished":"2026-09-01T10:41:49+00:00","dateModified":"2026-09-01T10:44:16+00:00","breadcrumb":{"@id":"https:\/\/urc.cat\/es\/unidad-en-la-fiesta-de-santa-teresa-jornet-en-el-hogar-de-san-jose\/#breadcrumb"},"inLanguage":"es","potentialAction":[{"@type":"ReadAction","target":["https:\/\/urc.cat\/es\/unidad-en-la-fiesta-de-santa-teresa-jornet-en-el-hogar-de-san-jose\/"]}]},{"@type":"ImageObject","inLanguage":"es","@id":"https:\/\/urc.cat\/es\/unidad-en-la-fiesta-de-santa-teresa-jornet-en-el-hogar-de-san-jose\/#primaryimage","url":"https:\/\/urc.cat\/wp-content\/uploads\/2026\/09\/Unitat-en-la-festa-de-santa-Teresa-Jornet-a-la-Llar-de-Sant-Josep.jpeg","contentUrl":"https:\/\/urc.cat\/wp-content\/uploads\/2026\/09\/Unitat-en-la-festa-de-santa-Teresa-Jornet-a-la-Llar-de-Sant-Josep.jpeg","width":2048,"height":1536},{"@type":"BreadcrumbList","@id":"https:\/\/urc.cat\/es\/unidad-en-la-fiesta-de-santa-teresa-jornet-en-el-hogar-de-san-jose\/#breadcrumb","itemListElement":[{"@type":"ListItem","position":1,"name":"Inici","item":"https:\/\/urc.cat\/es\/"},{"@type":"ListItem","position":2,"name":"Unidad en la fiesta de santa Teresa Jornet en el Hogar de San Jos\u00e9"}]},{"@type":"WebSite","@id":"https:\/\/urc.cat\/es\/#website","url":"https:\/\/urc.cat\/es\/","name":"URC","description":"Uni\u00f3 de Religiosos de Catalunya","publisher":{"@id":"https:\/\/urc.cat\/es\/#organization"},"potentialAction":[{"@type":"SearchAction","target":{"@type":"EntryPoint","urlTemplate":"https:\/\/urc.cat\/es\/?s={search_term_string}"},"query-input":{"@type":"PropertyValueSpecification","valueRequired":true,"valueName":"search_term_string"}}],"inLanguage":"es"},{"@type":"Organization","@id":"https:\/\/urc.cat\/es\/#organization","name":"Uni\u00f3 de Religiosos de Catalunya URC","url":"https:\/\/urc.cat\/es\/","logo":{"@type":"ImageObject","inLanguage":"es","@id":"https:\/\/urc.cat\/es\/#\/schema\/logo\/image\/","url":"https:\/\/urc.cat\/wp-content\/uploads\/2020\/12\/URC-logo-color-1-scaled.jpg","contentUrl":"https:\/\/urc.cat\/wp-content\/uploads\/2020\/12\/URC-logo-color-1-scaled.jpg","width":2560,"height":943,"caption":"Uni\u00f3 de Religiosos de Catalunya URC"},"image":{"@id":"https:\/\/urc.cat\/es\/#\/schema\/logo\/image\/"},"sameAs":["https:\/\/www.facebook.com\/ReligiososCat\/","https:\/\/x.com\/ReligiososCat","https:\/\/www.instagram.com\/religiosos_cat\/","https:\/\/www.youtube.com\/channel\/UCz9DuGlswqHtI3FWnWQ3R0w"]},{"@type":"Person","@id":"https:\/\/urc.cat\/es\/#\/schema\/person\/3a09dd906741df1d76350885ff138fac","name":"secretaria","image":{"@type":"ImageObject","inLanguage":"es","@id":"https:\/\/secure.gravatar.com\/avatar\/71dacc528a3c840ef89d4e84f0341fd7216db4159c9d41173b107b08fb0f5c7a?s=96&d=mm&r=g","url":"https:\/\/secure.gravatar.com\/avatar\/71dacc528a3c840ef89d4e84f0341fd7216db4159c9d41173b107b08fb0f5c7a?s=96&d=mm&r=g","contentUrl":"https:\/\/secure.gravatar.com\/avatar\/71dacc528a3c840ef89d4e84f0341fd7216db4159c9d41173b107b08fb0f5c7a?s=96&d=mm&r=g","caption":"secretaria"},"url":"https:\/\/urc.cat\/es\/author\/secretaria\/"}]}},"_links":{"self":[{"href":"https:\/\/urc.cat\/es\/wp-json\/wp\/v2\/posts\/53840","targetHints":{"allow":["GET"]}}],"collection":[{"href":"https:\/\/urc.cat\/es\/wp-json\/wp\/v2\/posts"}],"about":[{"href":"https:\/\/urc.cat\/es\/wp-json\/wp\/v2\/types\/post"}],"author":[{"embeddable":true,"href":"https:\/\/urc.cat\/es\/wp-json\/wp\/v2\/users\/4"}],"replies":[{"embeddable":true,"href":"https:\/\/urc.cat\/es\/wp-json\/wp\/v2\/comments?post=53840"}],"version-history":[{"count":1,"href":"https:\/\/urc.cat\/es\/wp-json\/wp\/v2\/posts\/53840\/revisions"}],"predecessor-version":[{"id":53841,"href":"https:\/\/urc.cat\/es\/wp-json\/wp\/v2\/posts\/53840\/revisions\/53841"}],"wp:featuredmedia":[{"embeddable":true,"href":"https:\/\/urc.cat\/es\/wp-json\/wp\/v2\/media\/53838"}],"wp:attachment":[{"href":"https:\/\/urc.cat\/es\/wp-json\/wp\/v2\/media?parent=53840"}],"wp:term":[{"taxonomy":"category","embeddable":true,"href":"https:\/\/urc.cat\/es\/wp-json\/wp\/v2\/categories?post=53840"},{"taxonomy":"post_tag","embeddable":true,"href":"https:\/\/urc.cat\/es\/wp-json\/wp\/v2\/tags?post=53840"}],"curies":[{"name":"wp","href":"https:\/\/api.w.org\/{rel}","templated":true}]}}