{"id":53826,"date":"2026-09-01T12:18:24","date_gmt":"2026-09-01T10:18:24","guid":{"rendered":"https:\/\/urc.cat\/?p=53826"},"modified":"2026-09-01T12:22:31","modified_gmt":"2026-09-01T10:22:31","slug":"el-abad-de-poblet-encabeza-el-rosario-de-antorchas-que-da-inicio-a-la-novena-de-la-virgen-maria-de-la-sierra-de-montblanc","status":"publish","type":"post","link":"https:\/\/urc.cat\/es\/el-abad-de-poblet-encabeza-el-rosario-de-antorchas-que-da-inicio-a-la-novena-de-la-virgen-maria-de-la-sierra-de-montblanc\/","title":{"rendered":"El abad de Poblet encabeza el Rosario de Antorchas que da inicio a la novena de la Virgen Mar\u00eda de la Sierra de Montblanc"},"content":{"rendered":"<p style=\"text-align: justify;\">(<a href=\"https:\/\/www.agenciaflama.cat\/rosari-torxes-novena-serra-montblanc\/\" data-wpel-link=\"external\" target=\"_blank\" rel=\"external noopener noreferrer\" class=\"wpel-icon-right\"><em>Agencia Flama<\/em><span class=\"wpel-icon wpel-image wpel-icon-13\"><\/span><\/a> \u00b7 <em>31\/08\/26<\/em>) Montblanc ha empezado a vivir con intensidad creciente los d\u00edas previos a las Fiestas extraordinarias de la Sierra 2026. El pasado viernes 28 de agosto al atardecer, el tradicional Rosario de Antorchas abri\u00f3 formalmente la novena dedicada a la Virgen Mar\u00eda de la Sierra y convirti\u00f3 las calles de la villa en el escenario de una de las primeras expresiones colectivas de devoci\u00f3n de estas celebraciones.<\/p>\n<p style=\"text-align: justify;\">\n<p style=\"text-align: justify;\"><a href=\"https:\/\/www.agenciaflama.cat\/rosari-torxes-novena-serra-montblanc\/\" data-wpel-link=\"external\" target=\"_blank\" rel=\"external noopener noreferrer\" class=\"wpel-icon-right\">Contin\u00faa leyendo aqu\u00ed<span class=\"wpel-icon wpel-image wpel-icon-13\"><\/span><\/a><\/p>\n<p style=\"text-align: justify;\"><em>Foto: Parroquia de Santa Maria de Montblanc. La comitiva, durante el recorrido por Montblanc.<\/em><\/p>\n","protected":false},"excerpt":{"rendered":"<p>(Agencia Flama \u00b7 31\/08\/26) Montblanc ha empezado a vivir con intensidad creciente los d\u00edas previos a las Fiestas extraordinarias de la Sierra 2026. El pasado viernes 28 de agosto al atardecer, el tradicional Rosario de Antorchas abri\u00f3 formalmente la novena dedicada a la Virgen Mar\u00eda de la Sierra y convirti\u00f3 las calles de la villa&hellip;<\/p>\n","protected":false},"author":4,"featured_media":53824,"comment_status":"closed","ping_status":"closed","sticky":false,"template":"","format":"standard","meta":{"_members_access_role":[],"_members_access_error":""},"categories":[574],"tags":[7332,7333],"class_list":["post-53826","post","type-post","status-publish","format-standard","has-post-thumbnail","hentry","category-noticias","tag-abad-de-poblet","tag-montblanc","category-574","description-off"],"yoast_head":"<!-- This site is optimized with the Yoast SEO plugin v28.1 - https:\/\/yoast.com\/product\/yoast-seo-wordpress\/ -->\n<title>El abad de Poblet encabeza el Rosario de Antorchas que da inicio a la novena de la Virgen Mar\u00eda de la Sierra de Montblanc - URC<\/title>\n<meta name=\"robots\" content=\"index, follow, max-snippet:-1, max-image-preview:large, max-video-preview:-1\" \/>\n<link rel=\"canonical\" href=\"https:\/\/urc.cat\/es\/el-abad-de-poblet-encabeza-el-rosario-de-antorchas-que-da-inicio-a-la-novena-de-la-virgen-maria-de-la-sierra-de-montblanc\/\" \/>\n<meta property=\"og:locale\" content=\"es_ES\" \/>\n<meta property=\"og:type\" content=\"article\" \/>\n<meta property=\"og:title\" content=\"El abad de Poblet encabeza el Rosario de Antorchas que da inicio a la novena de la Virgen Mar\u00eda de la Sierra de Montblanc - URC\" \/>\n<meta property=\"og:description\" content=\"(Agencia Flama \u00b7 31\/08\/26) Montblanc ha empezado a vivir con intensidad creciente los d\u00edas previos a las Fiestas extraordinarias de la Sierra 2026. El pasado viernes 28 de agosto al atardecer, el tradicional Rosario de Antorchas abri\u00f3 formalmente la novena dedicada a la Virgen Mar\u00eda de la Sierra y convirti\u00f3 las calles de la villa&hellip;\" \/>\n<meta property=\"og:url\" content=\"https:\/\/urc.cat\/es\/el-abad-de-poblet-encabeza-el-rosario-de-antorchas-que-da-inicio-a-la-novena-de-la-virgen-maria-de-la-sierra-de-montblanc\/\" \/>\n<meta property=\"og:site_name\" content=\"URC\" \/>\n<meta property=\"article:publisher\" content=\"https:\/\/www.facebook.com\/ReligiososCat\/\" \/>\n<meta property=\"article:published_time\" content=\"2026-09-01T10:18:24+00:00\" \/>\n<meta property=\"article:modified_time\" content=\"2026-09-01T10:22:31+00:00\" \/>\n<meta property=\"og:image\" content=\"https:\/\/urc.cat\/wp-content\/uploads\/2026\/09\/Labat-de-Poblet-encapcala-el-Rosari-de-Torxes.png\" \/>\n\t<meta property=\"og:image:width\" content=\"766\" \/>\n\t<meta property=\"og:image:height\" content=\"443\" \/>\n\t<meta property=\"og:image:type\" content=\"image\/png\" \/>\n<meta name=\"author\" content=\"secretaria\" \/>\n<meta name=\"twitter:card\" content=\"summary_large_image\" \/>\n<meta name=\"twitter:creator\" content=\"@ReligiososCat\" \/>\n<meta name=\"twitter:site\" content=\"@ReligiososCat\" \/>\n<meta name=\"twitter:label1\" content=\"Escrito por\" \/>\n\t<meta name=\"twitter:data1\" content=\"secretaria\" \/>\n<script type=\"application\/ld+json\" class=\"yoast-schema-graph\">{\"@context\":\"https:\\\/\\\/schema.org\",\"@graph\":[{\"@type\":\"Article\",\"@id\":\"https:\\\/\\\/urc.cat\\\/es\\\/el-abad-de-poblet-encabeza-el-rosario-de-antorchas-que-da-inicio-a-la-novena-de-la-virgen-maria-de-la-sierra-de-montblanc\\\/#article\",\"isPartOf\":{\"@id\":\"https:\\\/\\\/urc.cat\\\/es\\\/el-abad-de-poblet-encabeza-el-rosario-de-antorchas-que-da-inicio-a-la-novena-de-la-virgen-maria-de-la-sierra-de-montblanc\\\/\"},\"author\":{\"name\":\"secretaria\",\"@id\":\"https:\\\/\\\/urc.cat\\\/es\\\/#\\\/schema\\\/person\\\/3a09dd906741df1d76350885ff138fac\"},\"headline\":\"El abad de Poblet encabeza el Rosario de Antorchas que da inicio a la novena de la Virgen Mar\u00eda de la Sierra de Montblanc\",\"datePublished\":\"2026-09-01T10:18:24+00:00\",\"dateModified\":\"2026-09-01T10:22:31+00:00\",\"mainEntityOfPage\":{\"@id\":\"https:\\\/\\\/urc.cat\\\/es\\\/el-abad-de-poblet-encabeza-el-rosario-de-antorchas-que-da-inicio-a-la-novena-de-la-virgen-maria-de-la-sierra-de-montblanc\\\/\"},\"wordCount\":112,\"publisher\":{\"@id\":\"https:\\\/\\\/urc.cat\\\/es\\\/#organization\"},\"image\":{\"@id\":\"https:\\\/\\\/urc.cat\\\/es\\\/el-abad-de-poblet-encabeza-el-rosario-de-antorchas-que-da-inicio-a-la-novena-de-la-virgen-maria-de-la-sierra-de-montblanc\\\/#primaryimage\"},\"thumbnailUrl\":\"https:\\\/\\\/urc.cat\\\/wp-content\\\/uploads\\\/2026\\\/09\\\/Labat-de-Poblet-encapcala-el-Rosari-de-Torxes.png\",\"keywords\":[\"abad de Poblet\",\"Montblanc\"],\"articleSection\":[\"Noticias\"],\"inLanguage\":\"es\"},{\"@type\":\"WebPage\",\"@id\":\"https:\\\/\\\/urc.cat\\\/es\\\/el-abad-de-poblet-encabeza-el-rosario-de-antorchas-que-da-inicio-a-la-novena-de-la-virgen-maria-de-la-sierra-de-montblanc\\\/\",\"url\":\"https:\\\/\\\/urc.cat\\\/es\\\/el-abad-de-poblet-encabeza-el-rosario-de-antorchas-que-da-inicio-a-la-novena-de-la-virgen-maria-de-la-sierra-de-montblanc\\\/\",\"name\":\"El abad de Poblet encabeza el Rosario de Antorchas que da inicio a la novena de la Virgen Mar\u00eda de la Sierra de Montblanc - URC\",\"isPartOf\":{\"@id\":\"https:\\\/\\\/urc.cat\\\/es\\\/#website\"},\"primaryImageOfPage\":{\"@id\":\"https:\\\/\\\/urc.cat\\\/es\\\/el-abad-de-poblet-encabeza-el-rosario-de-antorchas-que-da-inicio-a-la-novena-de-la-virgen-maria-de-la-sierra-de-montblanc\\\/#primaryimage\"},\"image\":{\"@id\":\"https:\\\/\\\/urc.cat\\\/es\\\/el-abad-de-poblet-encabeza-el-rosario-de-antorchas-que-da-inicio-a-la-novena-de-la-virgen-maria-de-la-sierra-de-montblanc\\\/#primaryimage\"},\"thumbnailUrl\":\"https:\\\/\\\/urc.cat\\\/wp-content\\\/uploads\\\/2026\\\/09\\\/Labat-de-Poblet-encapcala-el-Rosari-de-Torxes.png\",\"datePublished\":\"2026-09-01T10:18:24+00:00\",\"dateModified\":\"2026-09-01T10:22:31+00:00\",\"breadcrumb\":{\"@id\":\"https:\\\/\\\/urc.cat\\\/es\\\/el-abad-de-poblet-encabeza-el-rosario-de-antorchas-que-da-inicio-a-la-novena-de-la-virgen-maria-de-la-sierra-de-montblanc\\\/#breadcrumb\"},\"inLanguage\":\"es\",\"potentialAction\":[{\"@type\":\"ReadAction\",\"target\":[\"https:\\\/\\\/urc.cat\\\/es\\\/el-abad-de-poblet-encabeza-el-rosario-de-antorchas-que-da-inicio-a-la-novena-de-la-virgen-maria-de-la-sierra-de-montblanc\\\/\"]}]},{\"@type\":\"ImageObject\",\"inLanguage\":\"es\",\"@id\":\"https:\\\/\\\/urc.cat\\\/es\\\/el-abad-de-poblet-encabeza-el-rosario-de-antorchas-que-da-inicio-a-la-novena-de-la-virgen-maria-de-la-sierra-de-montblanc\\\/#primaryimage\",\"url\":\"https:\\\/\\\/urc.cat\\\/wp-content\\\/uploads\\\/2026\\\/09\\\/Labat-de-Poblet-encapcala-el-Rosari-de-Torxes.png\",\"contentUrl\":\"https:\\\/\\\/urc.cat\\\/wp-content\\\/uploads\\\/2026\\\/09\\\/Labat-de-Poblet-encapcala-el-Rosari-de-Torxes.png\",\"width\":766,\"height\":443},{\"@type\":\"BreadcrumbList\",\"@id\":\"https:\\\/\\\/urc.cat\\\/es\\\/el-abad-de-poblet-encabeza-el-rosario-de-antorchas-que-da-inicio-a-la-novena-de-la-virgen-maria-de-la-sierra-de-montblanc\\\/#breadcrumb\",\"itemListElement\":[{\"@type\":\"ListItem\",\"position\":1,\"name\":\"Inici\",\"item\":\"https:\\\/\\\/urc.cat\\\/es\\\/\"},{\"@type\":\"ListItem\",\"position\":2,\"name\":\"El abad de Poblet encabeza el Rosario de Antorchas que da inicio a la novena de la Virgen Mar\u00eda de la Sierra de Montblanc\"}]},{\"@type\":\"WebSite\",\"@id\":\"https:\\\/\\\/urc.cat\\\/es\\\/#website\",\"url\":\"https:\\\/\\\/urc.cat\\\/es\\\/\",\"name\":\"URC\",\"description\":\"Uni\u00f3 de Religiosos de Catalunya\",\"publisher\":{\"@id\":\"https:\\\/\\\/urc.cat\\\/es\\\/#organization\"},\"potentialAction\":[{\"@type\":\"SearchAction\",\"target\":{\"@type\":\"EntryPoint\",\"urlTemplate\":\"https:\\\/\\\/urc.cat\\\/es\\\/?s={search_term_string}\"},\"query-input\":{\"@type\":\"PropertyValueSpecification\",\"valueRequired\":true,\"valueName\":\"search_term_string\"}}],\"inLanguage\":\"es\"},{\"@type\":\"Organization\",\"@id\":\"https:\\\/\\\/urc.cat\\\/es\\\/#organization\",\"name\":\"Uni\u00f3 de Religiosos de Catalunya URC\",\"url\":\"https:\\\/\\\/urc.cat\\\/es\\\/\",\"logo\":{\"@type\":\"ImageObject\",\"inLanguage\":\"es\",\"@id\":\"https:\\\/\\\/urc.cat\\\/es\\\/#\\\/schema\\\/logo\\\/image\\\/\",\"url\":\"https:\\\/\\\/urc.cat\\\/wp-content\\\/uploads\\\/2020\\\/12\\\/URC-logo-color-1-scaled.jpg\",\"contentUrl\":\"https:\\\/\\\/urc.cat\\\/wp-content\\\/uploads\\\/2020\\\/12\\\/URC-logo-color-1-scaled.jpg\",\"width\":2560,\"height\":943,\"caption\":\"Uni\u00f3 de Religiosos de Catalunya URC\"},\"image\":{\"@id\":\"https:\\\/\\\/urc.cat\\\/es\\\/#\\\/schema\\\/logo\\\/image\\\/\"},\"sameAs\":[\"https:\\\/\\\/www.facebook.com\\\/ReligiososCat\\\/\",\"https:\\\/\\\/x.com\\\/ReligiososCat\",\"https:\\\/\\\/www.instagram.com\\\/religiosos_cat\\\/\",\"https:\\\/\\\/www.youtube.com\\\/channel\\\/UCz9DuGlswqHtI3FWnWQ3R0w\"]},{\"@type\":\"Person\",\"@id\":\"https:\\\/\\\/urc.cat\\\/es\\\/#\\\/schema\\\/person\\\/3a09dd906741df1d76350885ff138fac\",\"name\":\"secretaria\",\"image\":{\"@type\":\"ImageObject\",\"inLanguage\":\"es\",\"@id\":\"https:\\\/\\\/secure.gravatar.com\\\/avatar\\\/71dacc528a3c840ef89d4e84f0341fd7216db4159c9d41173b107b08fb0f5c7a?s=96&d=mm&r=g\",\"url\":\"https:\\\/\\\/secure.gravatar.com\\\/avatar\\\/71dacc528a3c840ef89d4e84f0341fd7216db4159c9d41173b107b08fb0f5c7a?s=96&d=mm&r=g\",\"contentUrl\":\"https:\\\/\\\/secure.gravatar.com\\\/avatar\\\/71dacc528a3c840ef89d4e84f0341fd7216db4159c9d41173b107b08fb0f5c7a?s=96&d=mm&r=g\",\"caption\":\"secretaria\"},\"url\":\"https:\\\/\\\/urc.cat\\\/es\\\/author\\\/secretaria\\\/\"}]}<\/script>\n<!-- \/ Yoast SEO plugin. -->","yoast_head_json":{"title":"El abad de Poblet encabeza el Rosario de Antorchas que da inicio a la novena de la Virgen Mar\u00eda de la Sierra de Montblanc - URC","robots":{"index":"index","follow":"follow","max-snippet":"max-snippet:-1","max-image-preview":"max-image-preview:large","max-video-preview":"max-video-preview:-1"},"canonical":"https:\/\/urc.cat\/es\/el-abad-de-poblet-encabeza-el-rosario-de-antorchas-que-da-inicio-a-la-novena-de-la-virgen-maria-de-la-sierra-de-montblanc\/","og_locale":"es_ES","og_type":"article","og_title":"El abad de Poblet encabeza el Rosario de Antorchas que da inicio a la novena de la Virgen Mar\u00eda de la Sierra de Montblanc - URC","og_description":"(Agencia Flama \u00b7 31\/08\/26) Montblanc ha empezado a vivir con intensidad creciente los d\u00edas previos a las Fiestas extraordinarias de la Sierra 2026. El pasado viernes 28 de agosto al atardecer, el tradicional Rosario de Antorchas abri\u00f3 formalmente la novena dedicada a la Virgen Mar\u00eda de la Sierra y convirti\u00f3 las calles de la villa&hellip;","og_url":"https:\/\/urc.cat\/es\/el-abad-de-poblet-encabeza-el-rosario-de-antorchas-que-da-inicio-a-la-novena-de-la-virgen-maria-de-la-sierra-de-montblanc\/","og_site_name":"URC","article_publisher":"https:\/\/www.facebook.com\/ReligiososCat\/","article_published_time":"2026-09-01T10:18:24+00:00","article_modified_time":"2026-09-01T10:22:31+00:00","og_image":[{"width":766,"height":443,"url":"https:\/\/urc.cat\/wp-content\/uploads\/2026\/09\/Labat-de-Poblet-encapcala-el-Rosari-de-Torxes.png","type":"image\/png"}],"author":"secretaria","twitter_card":"summary_large_image","twitter_creator":"@ReligiososCat","twitter_site":"@ReligiososCat","twitter_misc":{"Escrito por":"secretaria"},"schema":{"@context":"https:\/\/schema.org","@graph":[{"@type":"Article","@id":"https:\/\/urc.cat\/es\/el-abad-de-poblet-encabeza-el-rosario-de-antorchas-que-da-inicio-a-la-novena-de-la-virgen-maria-de-la-sierra-de-montblanc\/#article","isPartOf":{"@id":"https:\/\/urc.cat\/es\/el-abad-de-poblet-encabeza-el-rosario-de-antorchas-que-da-inicio-a-la-novena-de-la-virgen-maria-de-la-sierra-de-montblanc\/"},"author":{"name":"secretaria","@id":"https:\/\/urc.cat\/es\/#\/schema\/person\/3a09dd906741df1d76350885ff138fac"},"headline":"El abad de Poblet encabeza el Rosario de Antorchas que da inicio a la novena de la Virgen Mar\u00eda de la Sierra de Montblanc","datePublished":"2026-09-01T10:18:24+00:00","dateModified":"2026-09-01T10:22:31+00:00","mainEntityOfPage":{"@id":"https:\/\/urc.cat\/es\/el-abad-de-poblet-encabeza-el-rosario-de-antorchas-que-da-inicio-a-la-novena-de-la-virgen-maria-de-la-sierra-de-montblanc\/"},"wordCount":112,"publisher":{"@id":"https:\/\/urc.cat\/es\/#organization"},"image":{"@id":"https:\/\/urc.cat\/es\/el-abad-de-poblet-encabeza-el-rosario-de-antorchas-que-da-inicio-a-la-novena-de-la-virgen-maria-de-la-sierra-de-montblanc\/#primaryimage"},"thumbnailUrl":"https:\/\/urc.cat\/wp-content\/uploads\/2026\/09\/Labat-de-Poblet-encapcala-el-Rosari-de-Torxes.png","keywords":["abad de Poblet","Montblanc"],"articleSection":["Noticias"],"inLanguage":"es"},{"@type":"WebPage","@id":"https:\/\/urc.cat\/es\/el-abad-de-poblet-encabeza-el-rosario-de-antorchas-que-da-inicio-a-la-novena-de-la-virgen-maria-de-la-sierra-de-montblanc\/","url":"https:\/\/urc.cat\/es\/el-abad-de-poblet-encabeza-el-rosario-de-antorchas-que-da-inicio-a-la-novena-de-la-virgen-maria-de-la-sierra-de-montblanc\/","name":"El abad de Poblet encabeza el Rosario de Antorchas que da inicio a la novena de la Virgen Mar\u00eda de la Sierra de Montblanc - URC","isPartOf":{"@id":"https:\/\/urc.cat\/es\/#website"},"primaryImageOfPage":{"@id":"https:\/\/urc.cat\/es\/el-abad-de-poblet-encabeza-el-rosario-de-antorchas-que-da-inicio-a-la-novena-de-la-virgen-maria-de-la-sierra-de-montblanc\/#primaryimage"},"image":{"@id":"https:\/\/urc.cat\/es\/el-abad-de-poblet-encabeza-el-rosario-de-antorchas-que-da-inicio-a-la-novena-de-la-virgen-maria-de-la-sierra-de-montblanc\/#primaryimage"},"thumbnailUrl":"https:\/\/urc.cat\/wp-content\/uploads\/2026\/09\/Labat-de-Poblet-encapcala-el-Rosari-de-Torxes.png","datePublished":"2026-09-01T10:18:24+00:00","dateModified":"2026-09-01T10:22:31+00:00","breadcrumb":{"@id":"https:\/\/urc.cat\/es\/el-abad-de-poblet-encabeza-el-rosario-de-antorchas-que-da-inicio-a-la-novena-de-la-virgen-maria-de-la-sierra-de-montblanc\/#breadcrumb"},"inLanguage":"es","potentialAction":[{"@type":"ReadAction","target":["https:\/\/urc.cat\/es\/el-abad-de-poblet-encabeza-el-rosario-de-antorchas-que-da-inicio-a-la-novena-de-la-virgen-maria-de-la-sierra-de-montblanc\/"]}]},{"@type":"ImageObject","inLanguage":"es","@id":"https:\/\/urc.cat\/es\/el-abad-de-poblet-encabeza-el-rosario-de-antorchas-que-da-inicio-a-la-novena-de-la-virgen-maria-de-la-sierra-de-montblanc\/#primaryimage","url":"https:\/\/urc.cat\/wp-content\/uploads\/2026\/09\/Labat-de-Poblet-encapcala-el-Rosari-de-Torxes.png","contentUrl":"https:\/\/urc.cat\/wp-content\/uploads\/2026\/09\/Labat-de-Poblet-encapcala-el-Rosari-de-Torxes.png","width":766,"height":443},{"@type":"BreadcrumbList","@id":"https:\/\/urc.cat\/es\/el-abad-de-poblet-encabeza-el-rosario-de-antorchas-que-da-inicio-a-la-novena-de-la-virgen-maria-de-la-sierra-de-montblanc\/#breadcrumb","itemListElement":[{"@type":"ListItem","position":1,"name":"Inici","item":"https:\/\/urc.cat\/es\/"},{"@type":"ListItem","position":2,"name":"El abad de Poblet encabeza el Rosario de Antorchas que da inicio a la novena de la Virgen Mar\u00eda de la Sierra de Montblanc"}]},{"@type":"WebSite","@id":"https:\/\/urc.cat\/es\/#website","url":"https:\/\/urc.cat\/es\/","name":"URC","description":"Uni\u00f3 de Religiosos de Catalunya","publisher":{"@id":"https:\/\/urc.cat\/es\/#organization"},"potentialAction":[{"@type":"SearchAction","target":{"@type":"EntryPoint","urlTemplate":"https:\/\/urc.cat\/es\/?s={search_term_string}"},"query-input":{"@type":"PropertyValueSpecification","valueRequired":true,"valueName":"search_term_string"}}],"inLanguage":"es"},{"@type":"Organization","@id":"https:\/\/urc.cat\/es\/#organization","name":"Uni\u00f3 de Religiosos de Catalunya URC","url":"https:\/\/urc.cat\/es\/","logo":{"@type":"ImageObject","inLanguage":"es","@id":"https:\/\/urc.cat\/es\/#\/schema\/logo\/image\/","url":"https:\/\/urc.cat\/wp-content\/uploads\/2020\/12\/URC-logo-color-1-scaled.jpg","contentUrl":"https:\/\/urc.cat\/wp-content\/uploads\/2020\/12\/URC-logo-color-1-scaled.jpg","width":2560,"height":943,"caption":"Uni\u00f3 de Religiosos de Catalunya URC"},"image":{"@id":"https:\/\/urc.cat\/es\/#\/schema\/logo\/image\/"},"sameAs":["https:\/\/www.facebook.com\/ReligiososCat\/","https:\/\/x.com\/ReligiososCat","https:\/\/www.instagram.com\/religiosos_cat\/","https:\/\/www.youtube.com\/channel\/UCz9DuGlswqHtI3FWnWQ3R0w"]},{"@type":"Person","@id":"https:\/\/urc.cat\/es\/#\/schema\/person\/3a09dd906741df1d76350885ff138fac","name":"secretaria","image":{"@type":"ImageObject","inLanguage":"es","@id":"https:\/\/secure.gravatar.com\/avatar\/71dacc528a3c840ef89d4e84f0341fd7216db4159c9d41173b107b08fb0f5c7a?s=96&d=mm&r=g","url":"https:\/\/secure.gravatar.com\/avatar\/71dacc528a3c840ef89d4e84f0341fd7216db4159c9d41173b107b08fb0f5c7a?s=96&d=mm&r=g","contentUrl":"https:\/\/secure.gravatar.com\/avatar\/71dacc528a3c840ef89d4e84f0341fd7216db4159c9d41173b107b08fb0f5c7a?s=96&d=mm&r=g","caption":"secretaria"},"url":"https:\/\/urc.cat\/es\/author\/secretaria\/"}]}},"_links":{"self":[{"href":"https:\/\/urc.cat\/es\/wp-json\/wp\/v2\/posts\/53826","targetHints":{"allow":["GET"]}}],"collection":[{"href":"https:\/\/urc.cat\/es\/wp-json\/wp\/v2\/posts"}],"about":[{"href":"https:\/\/urc.cat\/es\/wp-json\/wp\/v2\/types\/post"}],"author":[{"embeddable":true,"href":"https:\/\/urc.cat\/es\/wp-json\/wp\/v2\/users\/4"}],"replies":[{"embeddable":true,"href":"https:\/\/urc.cat\/es\/wp-json\/wp\/v2\/comments?post=53826"}],"version-history":[{"count":1,"href":"https:\/\/urc.cat\/es\/wp-json\/wp\/v2\/posts\/53826\/revisions"}],"predecessor-version":[{"id":53827,"href":"https:\/\/urc.cat\/es\/wp-json\/wp\/v2\/posts\/53826\/revisions\/53827"}],"wp:featuredmedia":[{"embeddable":true,"href":"https:\/\/urc.cat\/es\/wp-json\/wp\/v2\/media\/53824"}],"wp:attachment":[{"href":"https:\/\/urc.cat\/es\/wp-json\/wp\/v2\/media?parent=53826"}],"wp:term":[{"taxonomy":"category","embeddable":true,"href":"https:\/\/urc.cat\/es\/wp-json\/wp\/v2\/categories?post=53826"},{"taxonomy":"post_tag","embeddable":true,"href":"https:\/\/urc.cat\/es\/wp-json\/wp\/v2\/tags?post=53826"}],"curies":[{"name":"wp","href":"https:\/\/api.w.org\/{rel}","templated":true}]}}