{"id":53816,"date":"2026-09-01T12:09:59","date_gmt":"2026-09-01T10:09:59","guid":{"rendered":"https:\/\/urc.cat\/?p=53816"},"modified":"2026-09-01T12:09:59","modified_gmt":"2026-09-01T10:09:59","slug":"entrevista-a-ma-teresa-llach-sobre-la-pascua-de-santa-joaquina-de-vedruna","status":"publish","type":"post","link":"https:\/\/urc.cat\/es\/entrevista-a-ma-teresa-llach-sobre-la-pascua-de-santa-joaquina-de-vedruna\/","title":{"rendered":"Entrevista a M\u00aa Teresa Llach sobre la Pascua de Santa Joaquina de Vedruna"},"content":{"rendered":"<p style=\"text-align: justify;\">(<em><a href=\"https:\/\/vedruna.eu\/\" data-wpel-link=\"external\" target=\"_blank\" rel=\"external noopener noreferrer\" class=\"wpel-icon-right\">Vedruna<span class=\"wpel-icon wpel-image wpel-icon-13\"><\/span><\/a> \u00b7 27\/08\/26<\/em>) En el aniversario de la muerte de santa Joaquina, Mar\u00eda Teresa Llach reflexiona en esta entrevista sobre c\u00f3mo el impulso de educar, sanar y liberar, tan presente en Joaquina, contin\u00faa latiendo hoy en la Familia Vedruna.<\/p>\n<p>&nbsp;<\/p>\n<div class=\"epyt-video-wrapper\"><iframe loading=\"lazy\"  id=\"_ytid_72938\"  width=\"1200\" height=\"675\"  data-origwidth=\"1200\" data-origheight=\"675\" src=\"https:\/\/www.youtube.com\/embed\/hPaz3AcTiO0?enablejsapi=1&#038;autoplay=0&#038;cc_load_policy=0&#038;cc_lang_pref=&#038;iv_load_policy=1&#038;loop=0&#038;rel=1&#038;fs=1&#038;playsinline=0&#038;autohide=2&#038;theme=dark&#038;color=red&#038;controls=1&#038;disablekb=0&#038;\" class=\"__youtube_prefs__  epyt-is-override  no-lazyload\" title=\"YouTube player\"  allow=\"fullscreen; accelerometer; autoplay; clipboard-write; encrypted-media; gyroscope; picture-in-picture; web-share\" referrerpolicy=\"strict-origin-when-cross-origin\" allowfullscreen data-no-lazy=\"1\" data-skipgform_ajax_framebjll=\"\"><\/iframe><\/div>\n<p>&nbsp;<\/p>\n","protected":false},"excerpt":{"rendered":"<p>(Vedruna \u00b7 27\/08\/26) En el aniversario de la muerte de santa Joaquina, Mar\u00eda Teresa Llach reflexiona en esta entrevista sobre c\u00f3mo el impulso de educar, sanar y liberar, tan presente en Joaquina, contin\u00faa latiendo hoy en la Familia Vedruna. &nbsp; &nbsp;<\/p>\n","protected":false},"author":4,"featured_media":53817,"comment_status":"closed","ping_status":"closed","sticky":false,"template":"","format":"standard","meta":{"_members_access_role":[],"_members_access_error":""},"categories":[574],"tags":[5360,7327,3106,1159],"class_list":["post-53816","post","type-post","status-publish","format-standard","has-post-thumbnail","hentry","category-noticias","tag-aniversario-es","tag-ma-teresa-llach","tag-santa-joaquina-de-vedruna","tag-vedruna-es","category-574","description-off"],"yoast_head":"<!-- This site is optimized with the Yoast SEO plugin v28.1 - https:\/\/yoast.com\/product\/yoast-seo-wordpress\/ -->\n<title>Entrevista a M\u00aa Teresa Llach sobre la Pascua de Santa Joaquina de Vedruna - URC<\/title>\n<meta name=\"robots\" content=\"index, follow, max-snippet:-1, max-image-preview:large, max-video-preview:-1\" \/>\n<link rel=\"canonical\" href=\"https:\/\/urc.cat\/es\/entrevista-a-ma-teresa-llach-sobre-la-pascua-de-santa-joaquina-de-vedruna\/\" \/>\n<meta property=\"og:locale\" content=\"es_ES\" \/>\n<meta property=\"og:type\" content=\"article\" \/>\n<meta property=\"og:title\" content=\"Entrevista a M\u00aa Teresa Llach sobre la Pascua de Santa Joaquina de Vedruna - URC\" \/>\n<meta property=\"og:description\" content=\"(Vedruna \u00b7 27\/08\/26) En el aniversario de la muerte de santa Joaquina, Mar\u00eda Teresa Llach reflexiona en esta entrevista sobre c\u00f3mo el impulso de educar, sanar y liberar, tan presente en Joaquina, contin\u00faa latiendo hoy en la Familia Vedruna. &nbsp; &nbsp;\" \/>\n<meta property=\"og:url\" content=\"https:\/\/urc.cat\/es\/entrevista-a-ma-teresa-llach-sobre-la-pascua-de-santa-joaquina-de-vedruna\/\" \/>\n<meta property=\"og:site_name\" content=\"URC\" \/>\n<meta property=\"article:publisher\" content=\"https:\/\/www.facebook.com\/ReligiososCat\/\" \/>\n<meta property=\"article:published_time\" content=\"2026-09-01T10:09:59+00:00\" \/>\n<meta property=\"og:image\" content=\"https:\/\/urc.cat\/wp-content\/uploads\/2026\/09\/M.-Teresa-Llach.png\" \/>\n\t<meta property=\"og:image:width\" content=\"1024\" \/>\n\t<meta property=\"og:image:height\" content=\"594\" \/>\n\t<meta property=\"og:image:type\" content=\"image\/png\" \/>\n<meta name=\"author\" content=\"secretaria\" \/>\n<meta name=\"twitter:card\" content=\"summary_large_image\" \/>\n<meta name=\"twitter:creator\" content=\"@ReligiososCat\" \/>\n<meta name=\"twitter:site\" content=\"@ReligiososCat\" \/>\n<meta name=\"twitter:label1\" content=\"Escrito por\" \/>\n\t<meta name=\"twitter:data1\" content=\"secretaria\" \/>\n<script type=\"application\/ld+json\" class=\"yoast-schema-graph\">{\"@context\":\"https:\\\/\\\/schema.org\",\"@graph\":[{\"@type\":\"Article\",\"@id\":\"https:\\\/\\\/urc.cat\\\/es\\\/entrevista-a-ma-teresa-llach-sobre-la-pascua-de-santa-joaquina-de-vedruna\\\/#article\",\"isPartOf\":{\"@id\":\"https:\\\/\\\/urc.cat\\\/es\\\/entrevista-a-ma-teresa-llach-sobre-la-pascua-de-santa-joaquina-de-vedruna\\\/\"},\"author\":{\"name\":\"secretaria\",\"@id\":\"https:\\\/\\\/urc.cat\\\/es\\\/#\\\/schema\\\/person\\\/3a09dd906741df1d76350885ff138fac\"},\"headline\":\"Entrevista a M\u00aa Teresa Llach sobre la Pascua de Santa Joaquina de Vedruna\",\"datePublished\":\"2026-09-01T10:09:59+00:00\",\"mainEntityOfPage\":{\"@id\":\"https:\\\/\\\/urc.cat\\\/es\\\/entrevista-a-ma-teresa-llach-sobre-la-pascua-de-santa-joaquina-de-vedruna\\\/\"},\"wordCount\":64,\"publisher\":{\"@id\":\"https:\\\/\\\/urc.cat\\\/es\\\/#organization\"},\"image\":{\"@id\":\"https:\\\/\\\/urc.cat\\\/es\\\/entrevista-a-ma-teresa-llach-sobre-la-pascua-de-santa-joaquina-de-vedruna\\\/#primaryimage\"},\"thumbnailUrl\":\"https:\\\/\\\/urc.cat\\\/wp-content\\\/uploads\\\/2026\\\/09\\\/M.-Teresa-Llach.png\",\"keywords\":[\"Aniversario\",\"M\u00aa Teresa Llach\",\"Santa Joaquina de Vedruna\",\"vedruna\"],\"articleSection\":[\"Noticias\"],\"inLanguage\":\"es\"},{\"@type\":\"WebPage\",\"@id\":\"https:\\\/\\\/urc.cat\\\/es\\\/entrevista-a-ma-teresa-llach-sobre-la-pascua-de-santa-joaquina-de-vedruna\\\/\",\"url\":\"https:\\\/\\\/urc.cat\\\/es\\\/entrevista-a-ma-teresa-llach-sobre-la-pascua-de-santa-joaquina-de-vedruna\\\/\",\"name\":\"Entrevista a M\u00aa Teresa Llach sobre la Pascua de Santa Joaquina de Vedruna - URC\",\"isPartOf\":{\"@id\":\"https:\\\/\\\/urc.cat\\\/es\\\/#website\"},\"primaryImageOfPage\":{\"@id\":\"https:\\\/\\\/urc.cat\\\/es\\\/entrevista-a-ma-teresa-llach-sobre-la-pascua-de-santa-joaquina-de-vedruna\\\/#primaryimage\"},\"image\":{\"@id\":\"https:\\\/\\\/urc.cat\\\/es\\\/entrevista-a-ma-teresa-llach-sobre-la-pascua-de-santa-joaquina-de-vedruna\\\/#primaryimage\"},\"thumbnailUrl\":\"https:\\\/\\\/urc.cat\\\/wp-content\\\/uploads\\\/2026\\\/09\\\/M.-Teresa-Llach.png\",\"datePublished\":\"2026-09-01T10:09:59+00:00\",\"breadcrumb\":{\"@id\":\"https:\\\/\\\/urc.cat\\\/es\\\/entrevista-a-ma-teresa-llach-sobre-la-pascua-de-santa-joaquina-de-vedruna\\\/#breadcrumb\"},\"inLanguage\":\"es\",\"potentialAction\":[{\"@type\":\"ReadAction\",\"target\":[\"https:\\\/\\\/urc.cat\\\/es\\\/entrevista-a-ma-teresa-llach-sobre-la-pascua-de-santa-joaquina-de-vedruna\\\/\"]}]},{\"@type\":\"ImageObject\",\"inLanguage\":\"es\",\"@id\":\"https:\\\/\\\/urc.cat\\\/es\\\/entrevista-a-ma-teresa-llach-sobre-la-pascua-de-santa-joaquina-de-vedruna\\\/#primaryimage\",\"url\":\"https:\\\/\\\/urc.cat\\\/wp-content\\\/uploads\\\/2026\\\/09\\\/M.-Teresa-Llach.png\",\"contentUrl\":\"https:\\\/\\\/urc.cat\\\/wp-content\\\/uploads\\\/2026\\\/09\\\/M.-Teresa-Llach.png\",\"width\":1024,\"height\":594},{\"@type\":\"BreadcrumbList\",\"@id\":\"https:\\\/\\\/urc.cat\\\/es\\\/entrevista-a-ma-teresa-llach-sobre-la-pascua-de-santa-joaquina-de-vedruna\\\/#breadcrumb\",\"itemListElement\":[{\"@type\":\"ListItem\",\"position\":1,\"name\":\"Inici\",\"item\":\"https:\\\/\\\/urc.cat\\\/es\\\/\"},{\"@type\":\"ListItem\",\"position\":2,\"name\":\"Entrevista a M\u00aa Teresa Llach sobre la Pascua de Santa Joaquina de Vedruna\"}]},{\"@type\":\"WebSite\",\"@id\":\"https:\\\/\\\/urc.cat\\\/es\\\/#website\",\"url\":\"https:\\\/\\\/urc.cat\\\/es\\\/\",\"name\":\"URC\",\"description\":\"Uni\u00f3 de Religiosos de Catalunya\",\"publisher\":{\"@id\":\"https:\\\/\\\/urc.cat\\\/es\\\/#organization\"},\"potentialAction\":[{\"@type\":\"SearchAction\",\"target\":{\"@type\":\"EntryPoint\",\"urlTemplate\":\"https:\\\/\\\/urc.cat\\\/es\\\/?s={search_term_string}\"},\"query-input\":{\"@type\":\"PropertyValueSpecification\",\"valueRequired\":true,\"valueName\":\"search_term_string\"}}],\"inLanguage\":\"es\"},{\"@type\":\"Organization\",\"@id\":\"https:\\\/\\\/urc.cat\\\/es\\\/#organization\",\"name\":\"Uni\u00f3 de Religiosos de Catalunya URC\",\"url\":\"https:\\\/\\\/urc.cat\\\/es\\\/\",\"logo\":{\"@type\":\"ImageObject\",\"inLanguage\":\"es\",\"@id\":\"https:\\\/\\\/urc.cat\\\/es\\\/#\\\/schema\\\/logo\\\/image\\\/\",\"url\":\"https:\\\/\\\/urc.cat\\\/wp-content\\\/uploads\\\/2020\\\/12\\\/URC-logo-color-1-scaled.jpg\",\"contentUrl\":\"https:\\\/\\\/urc.cat\\\/wp-content\\\/uploads\\\/2020\\\/12\\\/URC-logo-color-1-scaled.jpg\",\"width\":2560,\"height\":943,\"caption\":\"Uni\u00f3 de Religiosos de Catalunya URC\"},\"image\":{\"@id\":\"https:\\\/\\\/urc.cat\\\/es\\\/#\\\/schema\\\/logo\\\/image\\\/\"},\"sameAs\":[\"https:\\\/\\\/www.facebook.com\\\/ReligiososCat\\\/\",\"https:\\\/\\\/x.com\\\/ReligiososCat\",\"https:\\\/\\\/www.instagram.com\\\/religiosos_cat\\\/\",\"https:\\\/\\\/www.youtube.com\\\/channel\\\/UCz9DuGlswqHtI3FWnWQ3R0w\"]},{\"@type\":\"Person\",\"@id\":\"https:\\\/\\\/urc.cat\\\/es\\\/#\\\/schema\\\/person\\\/3a09dd906741df1d76350885ff138fac\",\"name\":\"secretaria\",\"image\":{\"@type\":\"ImageObject\",\"inLanguage\":\"es\",\"@id\":\"https:\\\/\\\/secure.gravatar.com\\\/avatar\\\/71dacc528a3c840ef89d4e84f0341fd7216db4159c9d41173b107b08fb0f5c7a?s=96&d=mm&r=g\",\"url\":\"https:\\\/\\\/secure.gravatar.com\\\/avatar\\\/71dacc528a3c840ef89d4e84f0341fd7216db4159c9d41173b107b08fb0f5c7a?s=96&d=mm&r=g\",\"contentUrl\":\"https:\\\/\\\/secure.gravatar.com\\\/avatar\\\/71dacc528a3c840ef89d4e84f0341fd7216db4159c9d41173b107b08fb0f5c7a?s=96&d=mm&r=g\",\"caption\":\"secretaria\"},\"url\":\"https:\\\/\\\/urc.cat\\\/es\\\/author\\\/secretaria\\\/\"}]}<\/script>\n<!-- \/ Yoast SEO plugin. -->","yoast_head_json":{"title":"Entrevista a M\u00aa Teresa Llach sobre la Pascua de Santa Joaquina de Vedruna - URC","robots":{"index":"index","follow":"follow","max-snippet":"max-snippet:-1","max-image-preview":"max-image-preview:large","max-video-preview":"max-video-preview:-1"},"canonical":"https:\/\/urc.cat\/es\/entrevista-a-ma-teresa-llach-sobre-la-pascua-de-santa-joaquina-de-vedruna\/","og_locale":"es_ES","og_type":"article","og_title":"Entrevista a M\u00aa Teresa Llach sobre la Pascua de Santa Joaquina de Vedruna - URC","og_description":"(Vedruna \u00b7 27\/08\/26) En el aniversario de la muerte de santa Joaquina, Mar\u00eda Teresa Llach reflexiona en esta entrevista sobre c\u00f3mo el impulso de educar, sanar y liberar, tan presente en Joaquina, contin\u00faa latiendo hoy en la Familia Vedruna. &nbsp; &nbsp;","og_url":"https:\/\/urc.cat\/es\/entrevista-a-ma-teresa-llach-sobre-la-pascua-de-santa-joaquina-de-vedruna\/","og_site_name":"URC","article_publisher":"https:\/\/www.facebook.com\/ReligiososCat\/","article_published_time":"2026-09-01T10:09:59+00:00","og_image":[{"width":1024,"height":594,"url":"https:\/\/urc.cat\/wp-content\/uploads\/2026\/09\/M.-Teresa-Llach.png","type":"image\/png"}],"author":"secretaria","twitter_card":"summary_large_image","twitter_creator":"@ReligiososCat","twitter_site":"@ReligiososCat","twitter_misc":{"Escrito por":"secretaria"},"schema":{"@context":"https:\/\/schema.org","@graph":[{"@type":"Article","@id":"https:\/\/urc.cat\/es\/entrevista-a-ma-teresa-llach-sobre-la-pascua-de-santa-joaquina-de-vedruna\/#article","isPartOf":{"@id":"https:\/\/urc.cat\/es\/entrevista-a-ma-teresa-llach-sobre-la-pascua-de-santa-joaquina-de-vedruna\/"},"author":{"name":"secretaria","@id":"https:\/\/urc.cat\/es\/#\/schema\/person\/3a09dd906741df1d76350885ff138fac"},"headline":"Entrevista a M\u00aa Teresa Llach sobre la Pascua de Santa Joaquina de Vedruna","datePublished":"2026-09-01T10:09:59+00:00","mainEntityOfPage":{"@id":"https:\/\/urc.cat\/es\/entrevista-a-ma-teresa-llach-sobre-la-pascua-de-santa-joaquina-de-vedruna\/"},"wordCount":64,"publisher":{"@id":"https:\/\/urc.cat\/es\/#organization"},"image":{"@id":"https:\/\/urc.cat\/es\/entrevista-a-ma-teresa-llach-sobre-la-pascua-de-santa-joaquina-de-vedruna\/#primaryimage"},"thumbnailUrl":"https:\/\/urc.cat\/wp-content\/uploads\/2026\/09\/M.-Teresa-Llach.png","keywords":["Aniversario","M\u00aa Teresa Llach","Santa Joaquina de Vedruna","vedruna"],"articleSection":["Noticias"],"inLanguage":"es"},{"@type":"WebPage","@id":"https:\/\/urc.cat\/es\/entrevista-a-ma-teresa-llach-sobre-la-pascua-de-santa-joaquina-de-vedruna\/","url":"https:\/\/urc.cat\/es\/entrevista-a-ma-teresa-llach-sobre-la-pascua-de-santa-joaquina-de-vedruna\/","name":"Entrevista a M\u00aa Teresa Llach sobre la Pascua de Santa Joaquina de Vedruna - URC","isPartOf":{"@id":"https:\/\/urc.cat\/es\/#website"},"primaryImageOfPage":{"@id":"https:\/\/urc.cat\/es\/entrevista-a-ma-teresa-llach-sobre-la-pascua-de-santa-joaquina-de-vedruna\/#primaryimage"},"image":{"@id":"https:\/\/urc.cat\/es\/entrevista-a-ma-teresa-llach-sobre-la-pascua-de-santa-joaquina-de-vedruna\/#primaryimage"},"thumbnailUrl":"https:\/\/urc.cat\/wp-content\/uploads\/2026\/09\/M.-Teresa-Llach.png","datePublished":"2026-09-01T10:09:59+00:00","breadcrumb":{"@id":"https:\/\/urc.cat\/es\/entrevista-a-ma-teresa-llach-sobre-la-pascua-de-santa-joaquina-de-vedruna\/#breadcrumb"},"inLanguage":"es","potentialAction":[{"@type":"ReadAction","target":["https:\/\/urc.cat\/es\/entrevista-a-ma-teresa-llach-sobre-la-pascua-de-santa-joaquina-de-vedruna\/"]}]},{"@type":"ImageObject","inLanguage":"es","@id":"https:\/\/urc.cat\/es\/entrevista-a-ma-teresa-llach-sobre-la-pascua-de-santa-joaquina-de-vedruna\/#primaryimage","url":"https:\/\/urc.cat\/wp-content\/uploads\/2026\/09\/M.-Teresa-Llach.png","contentUrl":"https:\/\/urc.cat\/wp-content\/uploads\/2026\/09\/M.-Teresa-Llach.png","width":1024,"height":594},{"@type":"BreadcrumbList","@id":"https:\/\/urc.cat\/es\/entrevista-a-ma-teresa-llach-sobre-la-pascua-de-santa-joaquina-de-vedruna\/#breadcrumb","itemListElement":[{"@type":"ListItem","position":1,"name":"Inici","item":"https:\/\/urc.cat\/es\/"},{"@type":"ListItem","position":2,"name":"Entrevista a M\u00aa Teresa Llach sobre la Pascua de Santa Joaquina de Vedruna"}]},{"@type":"WebSite","@id":"https:\/\/urc.cat\/es\/#website","url":"https:\/\/urc.cat\/es\/","name":"URC","description":"Uni\u00f3 de Religiosos de Catalunya","publisher":{"@id":"https:\/\/urc.cat\/es\/#organization"},"potentialAction":[{"@type":"SearchAction","target":{"@type":"EntryPoint","urlTemplate":"https:\/\/urc.cat\/es\/?s={search_term_string}"},"query-input":{"@type":"PropertyValueSpecification","valueRequired":true,"valueName":"search_term_string"}}],"inLanguage":"es"},{"@type":"Organization","@id":"https:\/\/urc.cat\/es\/#organization","name":"Uni\u00f3 de Religiosos de Catalunya URC","url":"https:\/\/urc.cat\/es\/","logo":{"@type":"ImageObject","inLanguage":"es","@id":"https:\/\/urc.cat\/es\/#\/schema\/logo\/image\/","url":"https:\/\/urc.cat\/wp-content\/uploads\/2020\/12\/URC-logo-color-1-scaled.jpg","contentUrl":"https:\/\/urc.cat\/wp-content\/uploads\/2020\/12\/URC-logo-color-1-scaled.jpg","width":2560,"height":943,"caption":"Uni\u00f3 de Religiosos de Catalunya URC"},"image":{"@id":"https:\/\/urc.cat\/es\/#\/schema\/logo\/image\/"},"sameAs":["https:\/\/www.facebook.com\/ReligiososCat\/","https:\/\/x.com\/ReligiososCat","https:\/\/www.instagram.com\/religiosos_cat\/","https:\/\/www.youtube.com\/channel\/UCz9DuGlswqHtI3FWnWQ3R0w"]},{"@type":"Person","@id":"https:\/\/urc.cat\/es\/#\/schema\/person\/3a09dd906741df1d76350885ff138fac","name":"secretaria","image":{"@type":"ImageObject","inLanguage":"es","@id":"https:\/\/secure.gravatar.com\/avatar\/71dacc528a3c840ef89d4e84f0341fd7216db4159c9d41173b107b08fb0f5c7a?s=96&d=mm&r=g","url":"https:\/\/secure.gravatar.com\/avatar\/71dacc528a3c840ef89d4e84f0341fd7216db4159c9d41173b107b08fb0f5c7a?s=96&d=mm&r=g","contentUrl":"https:\/\/secure.gravatar.com\/avatar\/71dacc528a3c840ef89d4e84f0341fd7216db4159c9d41173b107b08fb0f5c7a?s=96&d=mm&r=g","caption":"secretaria"},"url":"https:\/\/urc.cat\/es\/author\/secretaria\/"}]}},"_links":{"self":[{"href":"https:\/\/urc.cat\/es\/wp-json\/wp\/v2\/posts\/53816","targetHints":{"allow":["GET"]}}],"collection":[{"href":"https:\/\/urc.cat\/es\/wp-json\/wp\/v2\/posts"}],"about":[{"href":"https:\/\/urc.cat\/es\/wp-json\/wp\/v2\/types\/post"}],"author":[{"embeddable":true,"href":"https:\/\/urc.cat\/es\/wp-json\/wp\/v2\/users\/4"}],"replies":[{"embeddable":true,"href":"https:\/\/urc.cat\/es\/wp-json\/wp\/v2\/comments?post=53816"}],"version-history":[{"count":1,"href":"https:\/\/urc.cat\/es\/wp-json\/wp\/v2\/posts\/53816\/revisions"}],"predecessor-version":[{"id":53819,"href":"https:\/\/urc.cat\/es\/wp-json\/wp\/v2\/posts\/53816\/revisions\/53819"}],"wp:featuredmedia":[{"embeddable":true,"href":"https:\/\/urc.cat\/es\/wp-json\/wp\/v2\/media\/53817"}],"wp:attachment":[{"href":"https:\/\/urc.cat\/es\/wp-json\/wp\/v2\/media?parent=53816"}],"wp:term":[{"taxonomy":"category","embeddable":true,"href":"https:\/\/urc.cat\/es\/wp-json\/wp\/v2\/categories?post=53816"},{"taxonomy":"post_tag","embeddable":true,"href":"https:\/\/urc.cat\/es\/wp-json\/wp\/v2\/tags?post=53816"}],"curies":[{"name":"wp","href":"https:\/\/api.w.org\/{rel}","templated":true}]}}